{"id":119735,"date":"2024-09-05T12:12:12","date_gmt":"2024-09-05T15:12:12","guid":{"rendered":"https:\/\/www.actualidadadiario.com\/?p=119735"},"modified":"2024-09-05T12:12:12","modified_gmt":"2024-09-05T15:12:12","slug":"incendios-forestales-en-calamuchita-el-gobierno-de-cordoba-declaro-el-estado-de-desastre","status":"publish","type":"post","link":"https:\/\/www.actualidadadiario.com\/index.php\/2024\/09\/05\/incendios-forestales-en-calamuchita-el-gobierno-de-cordoba-declaro-el-estado-de-desastre\/","title":{"rendered":"Incendios forestales en Calamuchita: el Gobierno de C\u00f3rdoba declar\u00f3 el estado de desastre"},"content":{"rendered":"<p style=\"text-align: center;\"><em><strong>El gobernador Mart\u00edn Llaryora anunci\u00f3 adem\u00e1s que incrementar\u00e1n el fondo destinado a las regiones afectadas<\/strong><\/em><\/p>\n<p>&nbsp;<\/p>\n<p>&nbsp;<\/p>\n<p>El Gobierno de C\u00f3rdoba declar\u00f3 el estado de desastre tras los incendios en Calamuchita y El Durazno. El gobernador Mart\u00edn Llaryora anunci\u00f3 adem\u00e1s que incrementar\u00e1n el fondo destinado a las regiones afectadas.<\/p>\n<p>Este mi\u00e9rcoles el gobernador y diversos funcionarios se reunieron con Bomberos para hablar sobre el incendio que consumi\u00f3 m\u00e1s de 12 mil hect\u00e1reas y all\u00ed confirm\u00f3 que se declar\u00f3 el estado de desastre en los departamentos de Calamuchita, Punilla, Col\u00f3n y Santa Mar\u00eda.<\/p>\n<p>A su vez, inform\u00f3 que el Fondo Permanente de Atenci\u00f3n de Situaciones de Desastre se increment\u00f3 a $5 mil millones.<\/p>\n<p>Esto se debe a que los primeros resultados de los peritajes revelaron que hay graves da\u00f1os en la zona, por lo que es necesario brindar contenci\u00f3n desde la gobernaci\u00f3n.<\/p>\n<p>En este sentido, explic\u00f3 que diferentes \u00e1reas del Gobierno \u201cse encuentran relevando da\u00f1os para definir acciones e instrumentar ayudas a los damnificados\u201d.<\/p>\n<p>En las \u00faltimas horas la Secretar\u00eda de Gesti\u00f3n de Riesgo Clim\u00e1tico de la provincia indic\u00f3 que los incendios principales fueron controlados y contin\u00faan con la guardia de cenizas.<\/p>\n<p>\u201cNuestros bomberos y equipos especiales son el verdadero ejemplo de sacrificio y entrega. Gracias a su valent\u00eda y profesionalismo, la comunidad pudo evitar una tragedia mayor\u201d, expres\u00f3 en sus redes sociales.<\/p>\n<p>Por el inicio de las llamas un hombre de 71 a\u00f1os fue acusado del delito de &#8220;incendio culposo agravado&#8221; al creer que una chispa o ceniza se escap\u00f3 de una estufa de su casa. Podr\u00eda enfrentar una pena de hasta 5 a\u00f1os de prisi\u00f3n.<\/p>\n<p>Las autoridades comunicaron que se quemaron cerca de 12.600 hect\u00e1reas y un per\u00edmetro total de 86 kil\u00f3metros.<\/p>\n","protected":false},"excerpt":{"rendered":"<p>El gobernador Mart\u00edn Llaryora anunci\u00f3 adem\u00e1s que incrementar\u00e1n el fondo destinado a las regiones afectadas &nbsp; &nbsp; El Gobierno de C\u00f3rdoba declar\u00f3 el estado de desastre tras los incendios en Calamuchita y El Durazno. El gobernador Mart\u00edn Llaryora anunci\u00f3 adem\u00e1s que incrementar\u00e1n el fondo destinado a las regiones afectadas. Este mi\u00e9rcoles el gobernador y diversos funcionarios se reunieron con Bomberos para hablar sobre el incendio que consumi\u00f3 m\u00e1s de 12 mil hect\u00e1reas y all\u00ed confirm\u00f3 que se declar\u00f3 el estado de desastre en los departamentos de Calamuchita, Punilla, Col\u00f3n y&#8230;<\/p>\n","protected":false},"author":3,"featured_media":119736,"comment_status":"closed","ping_status":"closed","sticky":false,"template":"","format":"standard","meta":[],"categories":[2],"tags":[],"_links":{"self":[{"href":"https:\/\/www.actualidadadiario.com\/index.php\/wp-json\/wp\/v2\/posts\/119735"}],"collection":[{"href":"https:\/\/www.actualidadadiario.com\/index.php\/wp-json\/wp\/v2\/posts"}],"about":[{"href":"https:\/\/www.actualidadadiario.com\/index.php\/wp-json\/wp\/v2\/types\/post"}],"author":[{"embeddable":true,"href":"https:\/\/www.actualidadadiario.com\/index.php\/wp-json\/wp\/v2\/users\/3"}],"replies":[{"embeddable":true,"href":"https:\/\/www.actualidadadiario.com\/index.php\/wp-json\/wp\/v2\/comments?post=119735"}],"version-history":[{"count":1,"href":"https:\/\/www.actualidadadiario.com\/index.php\/wp-json\/wp\/v2\/posts\/119735\/revisions"}],"predecessor-version":[{"id":119737,"href":"https:\/\/www.actualidadadiario.com\/index.php\/wp-json\/wp\/v2\/posts\/119735\/revisions\/119737"}],"wp:featuredmedia":[{"embeddable":true,"href":"https:\/\/www.actualidadadiario.com\/index.php\/wp-json\/wp\/v2\/media\/119736"}],"wp:attachment":[{"href":"https:\/\/www.actualidadadiario.com\/index.php\/wp-json\/wp\/v2\/media?parent=119735"}],"wp:term":[{"taxonomy":"category","embeddable":true,"href":"https:\/\/www.actualidadadiario.com\/index.php\/wp-json\/wp\/v2\/categories?post=119735"},{"taxonomy":"post_tag","embeddable":true,"href":"https:\/\/www.actualidadadiario.com\/index.php\/wp-json\/wp\/v2\/tags?post=119735"}],"curies":[{"name":"wp","href":"https:\/\/api.w.org\/{rel}","templated":true}]}}