{"id":119722,"date":"2024-09-05T12:06:13","date_gmt":"2024-09-05T15:06:13","guid":{"rendered":"https:\/\/www.actualidadadiario.com\/?p=119722"},"modified":"2024-09-05T12:06:13","modified_gmt":"2024-09-05T15:06:13","slug":"billeteras-flacas-preocupacion-porque-con-la-caida-del-consumo-se-recaudan-menos-impuestos","status":"publish","type":"post","link":"https:\/\/www.actualidadadiario.com\/index.php\/2024\/09\/05\/billeteras-flacas-preocupacion-porque-con-la-caida-del-consumo-se-recaudan-menos-impuestos\/","title":{"rendered":"Billeteras flacas: preocupaci\u00f3n porque con la ca\u00edda del consumo se recaudan menos impuestos"},"content":{"rendered":"<p style=\"text-align: center;\"><em><strong>El IVA y otros impuestos internos representan el 46% de la recaudaci\u00f3n. Registr\u00f3 una baja interanual del 12% debido a la recesi\u00f3n<\/strong><\/em><\/p>\n<p>&nbsp;<\/p>\n<p>&nbsp;<\/p>\n<p>El estimador mensual de actividad econ\u00f3mica (EMAE), del Indec, cay\u00f3 un -3,2% en la primera mitad del a\u00f1o respecto del mismo lapso de 2023 y, por efecto arrastre, la recaudaci\u00f3n de impuestos, que depende en gran medida del consumo interno, merm\u00f3 en un 10,7% en los primeros ocho meses acumulados.<\/p>\n<p>El desplome estuvo marcado especialmente por la baja del IVA, el principal indicador de la ca\u00edda del consumo, que tuvo un retroceso en t\u00e9rminos reales del 19,5%.<\/p>\n<p>Siendo que el 94% de la recaudaci\u00f3n consolidada nacional, que incluye a las provincias, lo re\u00fanen, en orden decreciente, el IVA, los Aportes y Contribuciones a la la Seguridad Social, Ingresos Brutos provinciales, Ganancias, D\u00e9bitos y Cr\u00e9ditos Bancarios, PA\u00cdS, Retenciones a las exportaciones y Bienes Personales, la retracci\u00f3n de las ventas, que afecta tambi\u00e9n a las ganancias, ocasion\u00f3 una ca\u00edda real interanual del 19,5%\u201d en las arcas de la AFIP.<\/p>\n<p>Nada m\u00e1s que entre los dos principales tributos acumularon de los primeros 8 meses del a\u00f1o una variaci\u00f3n interanual real negativa en 10,7%\u201d.<\/p>\n<p>&nbsp;<\/p>\n<p><strong>El impuesto Pa\u00eds en veremos<\/strong><\/p>\n<p>El retroceso del consumo en medio de la recesi\u00f3n plantea un nuevo desaf\u00edo a la marcha de la estrategia fiscal del gobierno de Javier Milei, que complicar\u00eda la reducci\u00f3n del impuesto PAIS en septiembre, como fuera anunciada.<\/p>\n<p>Precisamente, seg\u00fan el IARAF, &#8220;la recaudaci\u00f3n que m\u00e1s habr\u00eda aumentado en t\u00e9rminos reales ser\u00eda el impuesto PAIS con 193%, seguida por derechos de exportaci\u00f3n con (148%) y en tercer lugar el Impuesto a los Combustibles con 54,6%&#8221;.<\/p>\n<p>En Impuesto Solidario PAIS se recaudaron $ 698.351 millones con una variaci\u00f3n de 965,5%, favorecida por la ampliaci\u00f3n de su base imponible con el ingreso por la compra de moneda extranjera para el pago de determinadas importaciones.<\/p>\n<p>La entidad que dirige el economista Nadin Arga\u00f1araz enumera la estructura tributaria que se repite sin modificaciones desde 2009: IVA, Seguridad Social, IG e IIBB abarcaron el 81% del total de la cobranza de la AFIP en 2023 (23% sobre el PBI).<\/p>\n<p>Pero al mismo tiempo entran en la misma categor\u00eda de grav\u00e1menes relacionados al consumo, seg\u00fan el Centro de Estudios Tributarios (CET) de la Universidad Austral:<\/p>\n<ul>\n<li>Impuesto Sobre la Renta (ISR)<\/li>\n<li>Impuesto al Valor Agregado (IVA)<\/li>\n<li>Impuesto Especial sobre Producci\u00f3n y Servicios (IEPS)<\/li>\n<li>Impuesto sobre Autom\u00f3viles Nuevos (ISAN)<\/li>\n<li>Impuesto Empresarial a Tasa \u00danica (IETU)<\/li>\n<li>Impuesto a los Dep\u00f3sitos en Efectivo (IDE)<\/li>\n<\/ul>\n<p>&nbsp;<\/p>\n<p>E inclusive, desde la salida de la crisis del 2001 y hasta la actualidad, la presi\u00f3n tributaria argentina \u201cse posicion\u00f3 en niveles de 25% a 30% mientras que los pa\u00edses emergentes nunca superaron el 23%\u201d.<\/p>\n<p>&nbsp;<\/p>\n<p><strong>Los tributos con mayor ca\u00edda<\/strong><\/p>\n<p>&#8220;En t\u00e9rminos de variaci\u00f3n interanual real en estos siete meses, los tributos con mayor ca\u00edda habr\u00edan sido Bienes Personales (68%), Internos coparticipados (22,6%) y Seguridad Social (17%). Los tributos con mayor aumento habr\u00edan sido el impuesto PAIS (264%) y derechos de exportaci\u00f3n (45,5%), se\u00f1al\u00f3 el instituto cordob\u00e9s.<\/p>\n<p>Seg\u00fan el informe de la AFIP, los recursos tributarios alcanzaron los $ 11.910.548 millones el mes pasado, un aumento nominal del 233,5%.<\/p>\n<p>Sin embargo, como la inflaci\u00f3n en ese per\u00edodo se estima que fue del 263%, los ingresos registraron una variaci\u00f3n negativa del 8% en t\u00e9rminos reales, seg\u00fan el c\u00e1lculo de Nad\u00edn Arga\u00f1araz, director del IARAF.<\/p>\n<p>El Impuesto al Valor Agregado Neto recaud\u00f3 $ 3.736.332 millones y tuvo una variaci\u00f3n interanual de 217,1%.<\/p>\n<p>El IVA Impositivo aument\u00f3 216,7%, en tanto que el IVA Aduanero se increment\u00f3 en 214,5%.<\/p>\n<p>&#8220;El principal impuesto, el IVA, habr\u00eda registrado una baja interanual del 12%, reflejando la importante ca\u00edda del consumo&#8221;, indic\u00f3 el IARAF, al descontar la inflaci\u00f3n.<\/p>\n<p>El Impuesto a las Ganancias creci\u00f3 174,8%, recaudando $ 1.930.490 millones.<\/p>\n<p>El buen desempe\u00f1o de la actividad financiera en el per\u00edodo fiscal 2023 determin\u00f3 el incremento de anticipos de las sociedades ese mes, pero afect\u00f3 negativamente la ausencia de ingresos remanentes del vencimiento de la presentaci\u00f3n y pago del saldo de declaraci\u00f3n jurada de Ganancias Personas Humanas de junio 2023 (per\u00edodo fiscal 2022), que se estableci\u00f3 para agosto.<\/p>\n<p>Los ingresos por Seguridad Social aumentaron 230%, alcanzando $ 3.224.754 millones. En julio, entr\u00f3 la recaudaci\u00f3n por el pago del aguinaldo de la primera mitad del a\u00f1o.<\/p>\n<p>&#8220;El incremento de la recaudaci\u00f3n se debe principalmente al aumento de la remuneraci\u00f3n bruta promedio&#8221;, se\u00f1al\u00f3 el fisco.<\/p>\n","protected":false},"excerpt":{"rendered":"<p>El IVA y otros impuestos internos representan el 46% de la recaudaci\u00f3n. Registr\u00f3 una baja interanual del 12% debido a la recesi\u00f3n &nbsp; &nbsp; El estimador mensual de actividad econ\u00f3mica (EMAE), del Indec, cay\u00f3 un -3,2% en la primera mitad del a\u00f1o respecto del mismo lapso de 2023 y, por efecto arrastre, la recaudaci\u00f3n de impuestos, que depende en gran medida del consumo interno, merm\u00f3 en un 10,7% en los primeros ocho meses acumulados. El desplome estuvo marcado especialmente por la baja del IVA, el principal indicador de la ca\u00edda&#8230;<\/p>\n","protected":false},"author":3,"featured_media":32072,"comment_status":"closed","ping_status":"closed","sticky":false,"template":"","format":"standard","meta":[],"categories":[9],"tags":[],"_links":{"self":[{"href":"https:\/\/www.actualidadadiario.com\/index.php\/wp-json\/wp\/v2\/posts\/119722"}],"collection":[{"href":"https:\/\/www.actualidadadiario.com\/index.php\/wp-json\/wp\/v2\/posts"}],"about":[{"href":"https:\/\/www.actualidadadiario.com\/index.php\/wp-json\/wp\/v2\/types\/post"}],"author":[{"embeddable":true,"href":"https:\/\/www.actualidadadiario.com\/index.php\/wp-json\/wp\/v2\/users\/3"}],"replies":[{"embeddable":true,"href":"https:\/\/www.actualidadadiario.com\/index.php\/wp-json\/wp\/v2\/comments?post=119722"}],"version-history":[{"count":1,"href":"https:\/\/www.actualidadadiario.com\/index.php\/wp-json\/wp\/v2\/posts\/119722\/revisions"}],"predecessor-version":[{"id":119723,"href":"https:\/\/www.actualidadadiario.com\/index.php\/wp-json\/wp\/v2\/posts\/119722\/revisions\/119723"}],"wp:featuredmedia":[{"embeddable":true,"href":"https:\/\/www.actualidadadiario.com\/index.php\/wp-json\/wp\/v2\/media\/32072"}],"wp:attachment":[{"href":"https:\/\/www.actualidadadiario.com\/index.php\/wp-json\/wp\/v2\/media?parent=119722"}],"wp:term":[{"taxonomy":"category","embeddable":true,"href":"https:\/\/www.actualidadadiario.com\/index.php\/wp-json\/wp\/v2\/categories?post=119722"},{"taxonomy":"post_tag","embeddable":true,"href":"https:\/\/www.actualidadadiario.com\/index.php\/wp-json\/wp\/v2\/tags?post=119722"}],"curies":[{"name":"wp","href":"https:\/\/api.w.org\/{rel}","templated":true}]}}