{"id":119718,"date":"2024-09-05T10:26:23","date_gmt":"2024-09-05T13:26:23","guid":{"rendered":"https:\/\/www.actualidadadiario.com\/?p=119718"},"modified":"2024-09-05T10:27:05","modified_gmt":"2024-09-05T13:27:05","slug":"ricardo-quintela-llega-a-entre-rios-en-busqueda-de-avales","status":"publish","type":"post","link":"https:\/\/www.actualidadadiario.com\/index.php\/2024\/09\/05\/ricardo-quintela-llega-a-entre-rios-en-busqueda-de-avales\/","title":{"rendered":"Ricardo Quintela llega a Entre R\u00edos en b\u00fasqueda de avales"},"content":{"rendered":"<p style=\"text-align: center;\"><em><strong>El gobernador de La Rioja, Ricardo Quintela, llegar\u00e1 este viernes a Entre R\u00edos en una nueva escala del tour que viene desarrollando para sumar avales a su candidatura a la presidencia del Partido Justicialista<\/strong><\/em><\/p>\n<p>&nbsp;<\/p>\n<p>&nbsp;<\/p>\n<p>El mandatario estar\u00e1 en Paran\u00e1 un d\u00eda antes de que sesione el congreso del partido provincial y buscar\u00e1 aglutinar al peronismo del \u201ccampo nacional y popular\u201d.<\/p>\n<p>El acto es presentado como una jornada de la militancia y lleva por t\u00edtulo \u201cFederalismo en tiempos libertarios\u201d. La convocatoria la firma un grupo en formaci\u00f3n llamado Militancia Nacional y Popular de Paran\u00e1 que tiene como principales referentes a las diputadas Blanca Osuna y Carolina Gaillard y al exintendente capitalino Julio Solanas. Tambi\u00e9n dar\u00e1 el presente Ad\u00e1n Bahl, el candidato a gobernador que perdi\u00f3 en 2023 frente a Rogelio Frigerio, aunque no particip\u00f3 directamente de la organizaci\u00f3n del evento.<\/p>\n<p>La jornada es impulsada \u201cno s\u00f3lo por el PJ local, sino tambi\u00e9n por todos quienes est\u00e1n enrolados en el campo nacional y popular\u201d, dijo Melisa Albornoz, vicepresidenta del PJ Paran\u00e1, que avis\u00f3: \u201cEstamos en este proceso de confluir e intentar establecer una agenda social que necesita la ciudadan\u00eda\u201d.<\/p>\n<p>No obstante, m\u00e1s all\u00e1 de la consigna ecum\u00e9nica, el referente massista Guillermo Michel no ser\u00e1 de la partida y no hay indicios de que vaya a asistir el exgobernador Gustavo Bordet.<\/p>\n<p>&nbsp;<\/p>\n<p><strong>Por qu\u00e9 Ricardo Quintela en Entre R\u00edos<\/strong><\/p>\n<p>A\u00fan con un peronismo en reconstrucci\u00f3n tanto en el pa\u00eds como en la provincia, la presencia del cacique riojano de la vieja escuela llama la atenci\u00f3n porque fue invitado por figuras del peronismo que hoy no parecieran liderar la taquilla. Como cont\u00f3 este medio, Quintela ya visit\u00f3 Jujuy, San Juan y Chaco en su PJ Tour y este martes se reuni\u00f3 con la Juventud Sindical Peronista.<\/p>\n<p>Ante la consulta, en la organizaci\u00f3n adelantaron que quieren demostrar que \u201cNac&amp;Pop no es s\u00f3lo La Campora\u201d, por eso la referencia muchas veces citada al \u201ccampo nacional y popular\u201d. La herencia del kirchnerismo, claramente, es un aspecto no saldado a\u00fan en Entre R\u00edos. Entre otras argumentaciones, tambi\u00e9n esgrimen el proceso de reforma constitucional de La Rioja.<\/p>\n<p>En la organizaci\u00f3n explicaron que esa reforma llev\u00f3 alrededor de un a\u00f1o de debate y se ocupa de temas que hoy, entienden, no tienen la debida relevancia. Entre ellos se cita al medioambiente con la miner\u00eda en el centro de la escena; a la cuesti\u00f3n de g\u00e9nero, abordada en una regi\u00f3n algo reactiva a la tem\u00e1tica; a nuevos derechos como el ingreso universal b\u00e1sico, servicios como el transporte, la luz, el gas o el agua; y el quiebre de una concepci\u00f3n mon\u00e1rquica de los jueces. Ese combo de propuestas que incluye la nueva carta magna riojana es una agenda para el peronismo que viene en la provincia, sostienen quienes convocan al acto.<\/p>\n<p>Entre los argumentos, se esgrime tambi\u00e9n que Quintela es un gobernador peronista que adem\u00e1s de dar una batalla fuerte por su provincia, se plantea como una opci\u00f3n de poder en el futuro del partido y, eventualmente, del pa\u00eds. Estirando argumentos, se menciona que tanto Entre R\u00edos como La Rioja tienen una l\u00ednea que los une con el federalismo que profesaron caudillos como Chacho Pe\u00f1aloza y Pancho Ram\u00edrez. No mencionan la emisi\u00f3n de cuasimonedas, un hito por ahora exclusivo de Quintela en la era libertaria.<\/p>\n<p>&nbsp;<\/p>\n<p><strong>El peronismo sin jefe<\/strong><\/p>\n<p>La dirigencia que ve este hilo conductor entre ambas provincias observa hoy una carencia de l\u00edderes en el peronismo. \u201cNo hay un liderazgo que exprese el todo\u201d, se lamenta una de las organizadoras del encuentro.<\/p>\n<p>En este contexto, este sector del justicialismo entiende que tiene que representar y actuar \u201cen defensa\u201d, dicen, de quienes los votaron. \u201cHay que hacer oposici\u00f3n\u201d, claman y mencionan a los \u201cdesertores\u201d, entre quienes identifican a Edgardo Kueider, aunque sin dar nombres propios.<\/p>\n<p>&nbsp;<\/p>\n<p><strong>Presentes en el acto de Ricardo Quintela<\/strong><\/p>\n<p>Adem\u00e1s, de la asistencia de Osuna, Gaillard, Solanas y Bahl como referentes m\u00e1s importantes, en la organizaci\u00f3n del acto en Paran\u00e1 cuentan con la presencia de sectores como Patria Grande, el espacio de Juan Grabois, y tambi\u00e9n al Movimiento de Trabajadores Excluidos, a Identidad, a La Jauretche, Soberanos y otros sectores de lo que denominan \u201ccampo nacional y popular\u201d.<\/p>\n<p>Seguramente la intendenta de la capital provincial, Rosario Romero, tenga un momento con el gobernador riojano, confiaron a este medio, aunque la agenda a\u00fan no est\u00e1 definida.<\/p>\n","protected":false},"excerpt":{"rendered":"<p>El gobernador de La Rioja, Ricardo Quintela, llegar\u00e1 este viernes a Entre R\u00edos en una nueva escala del tour que viene desarrollando para sumar avales a su candidatura a la presidencia del Partido Justicialista &nbsp; &nbsp; El mandatario estar\u00e1 en Paran\u00e1 un d\u00eda antes de que sesione el congreso del partido provincial y buscar\u00e1 aglutinar al peronismo del \u201ccampo nacional y popular\u201d. El acto es presentado como una jornada de la militancia y lleva por t\u00edtulo \u201cFederalismo en tiempos libertarios\u201d. La convocatoria la firma un grupo en formaci\u00f3n llamado Militancia&#8230;<\/p>\n","protected":false},"author":3,"featured_media":119719,"comment_status":"closed","ping_status":"closed","sticky":false,"template":"","format":"standard","meta":[],"categories":[15],"tags":[],"_links":{"self":[{"href":"https:\/\/www.actualidadadiario.com\/index.php\/wp-json\/wp\/v2\/posts\/119718"}],"collection":[{"href":"https:\/\/www.actualidadadiario.com\/index.php\/wp-json\/wp\/v2\/posts"}],"about":[{"href":"https:\/\/www.actualidadadiario.com\/index.php\/wp-json\/wp\/v2\/types\/post"}],"author":[{"embeddable":true,"href":"https:\/\/www.actualidadadiario.com\/index.php\/wp-json\/wp\/v2\/users\/3"}],"replies":[{"embeddable":true,"href":"https:\/\/www.actualidadadiario.com\/index.php\/wp-json\/wp\/v2\/comments?post=119718"}],"version-history":[{"count":2,"href":"https:\/\/www.actualidadadiario.com\/index.php\/wp-json\/wp\/v2\/posts\/119718\/revisions"}],"predecessor-version":[{"id":119721,"href":"https:\/\/www.actualidadadiario.com\/index.php\/wp-json\/wp\/v2\/posts\/119718\/revisions\/119721"}],"wp:featuredmedia":[{"embeddable":true,"href":"https:\/\/www.actualidadadiario.com\/index.php\/wp-json\/wp\/v2\/media\/119719"}],"wp:attachment":[{"href":"https:\/\/www.actualidadadiario.com\/index.php\/wp-json\/wp\/v2\/media?parent=119718"}],"wp:term":[{"taxonomy":"category","embeddable":true,"href":"https:\/\/www.actualidadadiario.com\/index.php\/wp-json\/wp\/v2\/categories?post=119718"},{"taxonomy":"post_tag","embeddable":true,"href":"https:\/\/www.actualidadadiario.com\/index.php\/wp-json\/wp\/v2\/tags?post=119718"}],"curies":[{"name":"wp","href":"https:\/\/api.w.org\/{rel}","templated":true}]}}