{"id":119710,"date":"2024-09-05T10:23:07","date_gmt":"2024-09-05T13:23:07","guid":{"rendered":"https:\/\/www.actualidadadiario.com\/?p=119710"},"modified":"2024-09-05T10:23:07","modified_gmt":"2024-09-05T13:23:07","slug":"hubo-protestas-en-el-senado-entrerriano-contra-la-adhesion-al-rigi-y-la-creacion-del-rini","status":"publish","type":"post","link":"https:\/\/www.actualidadadiario.com\/index.php\/2024\/09\/05\/hubo-protestas-en-el-senado-entrerriano-contra-la-adhesion-al-rigi-y-la-creacion-del-rini\/","title":{"rendered":"Hubo protestas en el Senado entrerriano contra la adhesi\u00f3n al RIGI y la creaci\u00f3n del RINI"},"content":{"rendered":"<p style=\"text-align: center;\"><em><strong>Este mi\u00e9rcoles estuvieron en el recinto representantes de una Coordinadora que se conform\u00f3 para tratar de frenar la adhesi\u00f3n al R\u00e9gimen de Incentivo a las Grandes Inversiones (RIGI) y la creaci\u00f3n del R\u00e9gimen de Incentivo a las Nuevas Inversiones (RINI). Las iniciativas tienen media sanci\u00f3n de Diputados y est\u00e1n siendo evaluadas en la C\u00e1mara de Senadores<\/strong><\/em><\/p>\n<p>&nbsp;<\/p>\n<p>&nbsp;<\/p>\n<p>Este mi\u00e9rcoles a las 19 representantes de la Coordinadora Provincial contra el RIGI y el RINI interpelaron a los senadores: se hicieron presentes en el recinto debido a que \u201cen este momento est\u00e1 en manos de ese cuerpo la decisi\u00f3n de adherir al RIGI\/RINI para beneficiar a las empresas o rechazarlos para beneficiar a las poblaciones\u201d.<\/p>\n<p>Acudieron con carteles en los que estaba el rostro de cada senador\/a y la pregunta \u201c\u00bfQu\u00e9 vas a votar? Entre R\u00edos o RIGI\/RINI\u201d.<\/p>\n<p>A su vez, hicieron entrega en mesa de entrada y en mano a cada legislador\/\u201dsu carta abierta provincial para el rechazo del RIGI\/RINI, como tambi\u00e9n la carta nacional presentada en todas las provincias donde est\u00e1 trat\u00e1ndose el RIGI, con miles de firmas\u201d.<\/p>\n<p>\u201cTuvimos una buena recepci\u00f3n, a la vez que volvimos a dejar en claro que mientras est\u00e9n en juego la salud de las poblaciones y los ecosistemas, estaremos ac\u00e1\u201d, advirtieron.<\/p>\n<p>\u201cLlamamos a m\u00e1s poblaciones a unirnos para frenar el RIGI y el RINI en nuestra provincia que, lejos de traer trabajo digno, va a profundizar la pobreza, la contaminaci\u00f3n y el saqueo de nuestras tierras\u201d.<\/p>\n","protected":false},"excerpt":{"rendered":"<p>Este mi\u00e9rcoles estuvieron en el recinto representantes de una Coordinadora que se conform\u00f3 para tratar de frenar la adhesi\u00f3n al R\u00e9gimen de Incentivo a las Grandes Inversiones (RIGI) y la creaci\u00f3n del R\u00e9gimen de Incentivo a las Nuevas Inversiones (RINI). Las iniciativas tienen media sanci\u00f3n de Diputados y est\u00e1n siendo evaluadas en la C\u00e1mara de Senadores &nbsp; &nbsp; Este mi\u00e9rcoles a las 19 representantes de la Coordinadora Provincial contra el RIGI y el RINI interpelaron a los senadores: se hicieron presentes en el recinto debido a que \u201cen este momento&#8230;<\/p>\n","protected":false},"author":3,"featured_media":119711,"comment_status":"closed","ping_status":"closed","sticky":false,"template":"","format":"standard","meta":[],"categories":[15],"tags":[],"_links":{"self":[{"href":"https:\/\/www.actualidadadiario.com\/index.php\/wp-json\/wp\/v2\/posts\/119710"}],"collection":[{"href":"https:\/\/www.actualidadadiario.com\/index.php\/wp-json\/wp\/v2\/posts"}],"about":[{"href":"https:\/\/www.actualidadadiario.com\/index.php\/wp-json\/wp\/v2\/types\/post"}],"author":[{"embeddable":true,"href":"https:\/\/www.actualidadadiario.com\/index.php\/wp-json\/wp\/v2\/users\/3"}],"replies":[{"embeddable":true,"href":"https:\/\/www.actualidadadiario.com\/index.php\/wp-json\/wp\/v2\/comments?post=119710"}],"version-history":[{"count":1,"href":"https:\/\/www.actualidadadiario.com\/index.php\/wp-json\/wp\/v2\/posts\/119710\/revisions"}],"predecessor-version":[{"id":119712,"href":"https:\/\/www.actualidadadiario.com\/index.php\/wp-json\/wp\/v2\/posts\/119710\/revisions\/119712"}],"wp:featuredmedia":[{"embeddable":true,"href":"https:\/\/www.actualidadadiario.com\/index.php\/wp-json\/wp\/v2\/media\/119711"}],"wp:attachment":[{"href":"https:\/\/www.actualidadadiario.com\/index.php\/wp-json\/wp\/v2\/media?parent=119710"}],"wp:term":[{"taxonomy":"category","embeddable":true,"href":"https:\/\/www.actualidadadiario.com\/index.php\/wp-json\/wp\/v2\/categories?post=119710"},{"taxonomy":"post_tag","embeddable":true,"href":"https:\/\/www.actualidadadiario.com\/index.php\/wp-json\/wp\/v2\/tags?post=119710"}],"curies":[{"name":"wp","href":"https:\/\/api.w.org\/{rel}","templated":true}]}}