{"id":11971,"date":"2017-05-23T09:42:35","date_gmt":"2017-05-23T12:42:35","guid":{"rendered":"http:\/\/actualidadadiario.com\/site\/?p=11971"},"modified":"2017-05-23T09:42:35","modified_gmt":"2017-05-23T12:42:35","slug":"el-gobernador-destaco-la-vocacion-de-dialogo-y-el-esfuerzo-del-gobierno","status":"publish","type":"post","link":"https:\/\/www.actualidadadiario.com\/index.php\/2017\/05\/23\/el-gobernador-destaco-la-vocacion-de-dialogo-y-el-esfuerzo-del-gobierno\/","title":{"rendered":"El gobernador destac\u00f3 la vocaci\u00f3n de di\u00e1logo y el esfuerzo del gobierno"},"content":{"rendered":"<p><em><strong>El gobernador Gustavo Bordet valor\u00f3 la decisi\u00f3n de Agmer que &#8220;contribuy\u00f3 a partir del di\u00e1logo y del esfuerzo mutuo a llegar a una soluci\u00f3n favorable para todos&#8221;<\/strong><\/em><\/p>\n<p>&nbsp;<\/p>\n<p>&nbsp;<\/p>\n<p>&nbsp;<\/p>\n<p>&#8220;Es una gran noticia para la educaci\u00f3n p\u00fablica entrerriana retomar con normalidad el ciclo lectivo para lo que resta del a\u00f1o y que los padres puedan enviar con tranquilidad a sus hijos a la escuela&#8221;, destac\u00f3 el mandatario.<\/p>\n<p>&nbsp;<\/p>\n<p>Bordet dijo que &#8220;hab\u00edamos hecho una oferta salarial a partir de un enorme esfuerzo presupuestario siendo conscientes del deterioro del salario, pero en un marco de responsabilidad del manejo de los recursos del Estado&#8221;.<\/p>\n<p>&nbsp;<\/p>\n<p>Agreg\u00f3: &#8220;Quiero se\u00f1alar que hay un elemento destacable en toda esta negociaci\u00f3n que ha sido la vocaci\u00f3n de di\u00e1logo y apertura de parte del gobierno, que a\u00fan luego de respuestas desfavorables siempre puso un o\u00eddo en el reclamo de los dirigentes gremiales y eso devino en las propuestas siempre superadoras que se fueron presentando. Es una decisi\u00f3n que nos provoca una enorme satisfacci\u00f3n y que compartimos con los representantes gremiales que defienden el salario de los maestros&#8221;, finaliz\u00f3.<\/p>\n","protected":false},"excerpt":{"rendered":"<p>El gobernador Gustavo Bordet valor\u00f3 la decisi\u00f3n de Agmer que &#8220;contribuy\u00f3 a partir del di\u00e1logo y del esfuerzo mutuo a llegar a una soluci\u00f3n favorable para todos&#8221; &nbsp; &nbsp; &nbsp; &#8220;Es una gran noticia para la educaci\u00f3n p\u00fablica entrerriana retomar con normalidad el ciclo lectivo para lo que resta del a\u00f1o y que los padres puedan enviar con tranquilidad a sus hijos a la escuela&#8221;, destac\u00f3 el mandatario. &nbsp; Bordet dijo que &#8220;hab\u00edamos hecho una oferta salarial a partir de un enorme esfuerzo presupuestario siendo conscientes del deterioro del salario,&#8230;<\/p>\n","protected":false},"author":3,"featured_media":11972,"comment_status":"closed","ping_status":"closed","sticky":false,"template":"","format":"standard","meta":[],"categories":[15],"tags":[],"_links":{"self":[{"href":"https:\/\/www.actualidadadiario.com\/index.php\/wp-json\/wp\/v2\/posts\/11971"}],"collection":[{"href":"https:\/\/www.actualidadadiario.com\/index.php\/wp-json\/wp\/v2\/posts"}],"about":[{"href":"https:\/\/www.actualidadadiario.com\/index.php\/wp-json\/wp\/v2\/types\/post"}],"author":[{"embeddable":true,"href":"https:\/\/www.actualidadadiario.com\/index.php\/wp-json\/wp\/v2\/users\/3"}],"replies":[{"embeddable":true,"href":"https:\/\/www.actualidadadiario.com\/index.php\/wp-json\/wp\/v2\/comments?post=11971"}],"version-history":[{"count":1,"href":"https:\/\/www.actualidadadiario.com\/index.php\/wp-json\/wp\/v2\/posts\/11971\/revisions"}],"predecessor-version":[{"id":11973,"href":"https:\/\/www.actualidadadiario.com\/index.php\/wp-json\/wp\/v2\/posts\/11971\/revisions\/11973"}],"wp:featuredmedia":[{"embeddable":true,"href":"https:\/\/www.actualidadadiario.com\/index.php\/wp-json\/wp\/v2\/media\/11972"}],"wp:attachment":[{"href":"https:\/\/www.actualidadadiario.com\/index.php\/wp-json\/wp\/v2\/media?parent=11971"}],"wp:term":[{"taxonomy":"category","embeddable":true,"href":"https:\/\/www.actualidadadiario.com\/index.php\/wp-json\/wp\/v2\/categories?post=11971"},{"taxonomy":"post_tag","embeddable":true,"href":"https:\/\/www.actualidadadiario.com\/index.php\/wp-json\/wp\/v2\/tags?post=11971"}],"curies":[{"name":"wp","href":"https:\/\/api.w.org\/{rel}","templated":true}]}}