{"id":119708,"date":"2024-09-05T10:21:48","date_gmt":"2024-09-05T13:21:48","guid":{"rendered":"https:\/\/www.actualidadadiario.com\/?p=119708"},"modified":"2024-09-05T10:21:48","modified_gmt":"2024-09-05T13:21:48","slug":"troncoso-senalo-que-la-provincia-mantiene-la-voluntad-politica-de-ser-sensibles-a-la-demanda-de-los-docentes","status":"publish","type":"post","link":"https:\/\/www.actualidadadiario.com\/index.php\/2024\/09\/05\/troncoso-senalo-que-la-provincia-mantiene-la-voluntad-politica-de-ser-sensibles-a-la-demanda-de-los-docentes\/","title":{"rendered":"Troncoso se\u00f1al\u00f3 que la provincia mantiene \u201cla voluntad pol\u00edtica de ser sensibles a la demanda de los docentes\u201d"},"content":{"rendered":"<p style=\"text-align: center;\"><em><strong>El ministro de Gobierno y Trabajo, Manuel Troncoso, hizo esas declaraciones en el marco de una visita a la localidad de Segu\u00ed junto a la presidenta del CGE, Alicia Fregonese, donde participaron de una actividad cultural<\/strong><\/em><\/p>\n<p>&nbsp;<\/p>\n<p>&nbsp;<\/p>\n<p>El funcionario breg\u00f3 por \u201cseguir en este camino de negociaci\u00f3n. Hay momentos m\u00e1s f\u00e1ciles que otros, pero lo bueno es que en los momentos complejos nosotros no perdemos el foco de la voluntad pol\u00edtica de ser sensibles a la demanda de los docentes, y seguimos teniendo como prioridades que los chicos est\u00e1n en las aulas y mantener las paritarias libres\u201d.<\/p>\n<p>Seg\u00fan su parecer, \u201cla \u00fanica manera de garantizar todo eso es con el di\u00e1logo, a\u00fan en momentos de tensi\u00f3n como este. Estamos absolutamente convencidos de que vamos a poder lograr una salida al conflicto con una oferta salarial consensuada con el sindicato. Hay que mirar para adelante, por eso estamos trabajando la propuesta y esperamos llevarla formalmente a la mesa paritaria el martes&#8221;, afirm\u00f3 el ministro de Gobierno y Trabajo.<\/p>\n<p>Adem\u00e1s, reconoci\u00f3 \u201cque hay un deterioro salarial docente que se acarrea hace a\u00f1os, pero tambi\u00e9n entendemos que estamos en un contexto muy acuciante que en comparaci\u00f3n con el que tuvimos en pandemia, por ejemplo, es peor porque ahora tenemos m\u00e1s gastos y menos recaudaci\u00f3n\u201d.<\/p>\n<p>Es por eso que \u201ctenemos que ser conscientes de que este contexto es muy grave, y tener en cuenta el corrimiento total del Gobierno Nacional. Porque este deterioro del salario docente es producto, en parte, del recorte que hizo Naci\u00f3n a todas las provincias y de la quita del Fondo de Incentivo Docente y del aporte en concepto de conectividad. Sin embargo, el gobernador ha garantizado permanentemente las paritarias libres y paz social&#8221;.<\/p>\n<p>Por \u00faltimo, Troncoso reiter\u00f3 la necesidad y la importancia de que &#8220;los chicos estaban en las escuelas y garantizar los 190 d\u00edas de clases&#8221;.<\/p>\n","protected":false},"excerpt":{"rendered":"<p>El ministro de Gobierno y Trabajo, Manuel Troncoso, hizo esas declaraciones en el marco de una visita a la localidad de Segu\u00ed junto a la presidenta del CGE, Alicia Fregonese, donde participaron de una actividad cultural &nbsp; &nbsp; El funcionario breg\u00f3 por \u201cseguir en este camino de negociaci\u00f3n. Hay momentos m\u00e1s f\u00e1ciles que otros, pero lo bueno es que en los momentos complejos nosotros no perdemos el foco de la voluntad pol\u00edtica de ser sensibles a la demanda de los docentes, y seguimos teniendo como prioridades que los chicos est\u00e1n&#8230;<\/p>\n","protected":false},"author":3,"featured_media":118609,"comment_status":"closed","ping_status":"closed","sticky":false,"template":"","format":"standard","meta":[],"categories":[15],"tags":[],"_links":{"self":[{"href":"https:\/\/www.actualidadadiario.com\/index.php\/wp-json\/wp\/v2\/posts\/119708"}],"collection":[{"href":"https:\/\/www.actualidadadiario.com\/index.php\/wp-json\/wp\/v2\/posts"}],"about":[{"href":"https:\/\/www.actualidadadiario.com\/index.php\/wp-json\/wp\/v2\/types\/post"}],"author":[{"embeddable":true,"href":"https:\/\/www.actualidadadiario.com\/index.php\/wp-json\/wp\/v2\/users\/3"}],"replies":[{"embeddable":true,"href":"https:\/\/www.actualidadadiario.com\/index.php\/wp-json\/wp\/v2\/comments?post=119708"}],"version-history":[{"count":1,"href":"https:\/\/www.actualidadadiario.com\/index.php\/wp-json\/wp\/v2\/posts\/119708\/revisions"}],"predecessor-version":[{"id":119709,"href":"https:\/\/www.actualidadadiario.com\/index.php\/wp-json\/wp\/v2\/posts\/119708\/revisions\/119709"}],"wp:featuredmedia":[{"embeddable":true,"href":"https:\/\/www.actualidadadiario.com\/index.php\/wp-json\/wp\/v2\/media\/118609"}],"wp:attachment":[{"href":"https:\/\/www.actualidadadiario.com\/index.php\/wp-json\/wp\/v2\/media?parent=119708"}],"wp:term":[{"taxonomy":"category","embeddable":true,"href":"https:\/\/www.actualidadadiario.com\/index.php\/wp-json\/wp\/v2\/categories?post=119708"},{"taxonomy":"post_tag","embeddable":true,"href":"https:\/\/www.actualidadadiario.com\/index.php\/wp-json\/wp\/v2\/tags?post=119708"}],"curies":[{"name":"wp","href":"https:\/\/api.w.org\/{rel}","templated":true}]}}