{"id":119705,"date":"2024-09-05T10:21:10","date_gmt":"2024-09-05T13:21:10","guid":{"rendered":"https:\/\/www.actualidadadiario.com\/?p=119705"},"modified":"2024-09-05T10:21:10","modified_gmt":"2024-09-05T13:21:10","slug":"frigerio-abogo-por-el-trabajo-conjunto-para-lograr-eficacia-y-eficiencia-en-la-gestion","status":"publish","type":"post","link":"https:\/\/www.actualidadadiario.com\/index.php\/2024\/09\/05\/frigerio-abogo-por-el-trabajo-conjunto-para-lograr-eficacia-y-eficiencia-en-la-gestion\/","title":{"rendered":"Frigerio abog\u00f3 por el trabajo conjunto para lograr eficacia y eficiencia en la gesti\u00f3n"},"content":{"rendered":"<p style=\"text-align: center;\"><em><strong>Rogelio Frigerio encabez\u00f3 este mi\u00e9rcoles en la localidad del departamento Paran\u00e1 la reuni\u00f3n de gabinete conjunto con el equipo que lidera el intendente Hern\u00e1n Kisser. Dijo que las prioridades de los vecinos son, tambi\u00e9n, las suyas. Confirm\u00f3 el reinicio de obras en el Instituto de Formaci\u00f3n Docente<\/strong><\/em><\/p>\n<p>&nbsp;<\/p>\n<p>&nbsp;<\/p>\n<p>El encuentro se desarroll\u00f3 en el sal\u00f3n de la Casa de la Cultura y all\u00ed el titular del Poder Ejecutivo entrerriano resalt\u00f3 la labor a la par entre los gabinetes provincial y municipal &#8220;como venimos haciendo en los distintos rincones de la provincia&#8221;.<\/p>\n<p>Sostuvo que cree en esta forma de gestionar, &#8220;con presencia en el territorio, conociendo de primera mano cu\u00e1les son los problemas, los sue\u00f1os, las expectativas y las prioridades tambi\u00e9n de los intendentes, de los municipios&#8221;.<\/p>\n<p>Repiti\u00f3 que las prioridades locales &#8220;son mis prioridades&#8221; y que el contexto es de restricci\u00f3n presupuestaria, y no dud\u00f3 que si los equipos de trabajo se conocen e interact\u00faan mejor &#8220;la gesti\u00f3n va a mejorar, va a ser m\u00e1s eficaz, va a ser m\u00e1s eficiente, incluso sin plata&#8221;.<\/p>\n<p>Uno de los temas tratados en la reuni\u00f3n fue la necesidad de reiniciar y terminar la obra del Instituto Superior de Formaci\u00f3n Docente de Hasenkamp, a lo que Frigerio afirm\u00f3: &#8220;Lo vamos a hacer. La desneutralizamos, y es una de las obras que est\u00e1n reinici\u00e1ndose. Espero que en la brevedad la podamos terminar y que tenga el espacio que necesita&#8221;.<\/p>\n<p>Por su parte, el intendente Kisser dijo estar muy contento por la visita del gobernador y su gabinete, por &#8220;acercarse a Hasemkamp a escucharnos&#8221;. Sobre la reuni\u00f3n conjunta dijo que el objetivo era &#8220;contarles nuestras expectativas&#8221;. &#8220;Obviamente, entendemos la situaci\u00f3n que estamos viviendo en la actualidad, pero confiamos en que va a mejorar la situaci\u00f3n&#8221;, a\u00f1adi\u00f3.<\/p>\n<p>Tambi\u00e9n consider\u00f3 importante &#8220;que el gobernador y su gabinete est\u00e9n en conocimiento de cu\u00e1les son nuestros objetivos para el pueblo, nuestras necesidades y, creo, las pudimos trabajar&#8221;.<\/p>\n","protected":false},"excerpt":{"rendered":"<p>Rogelio Frigerio encabez\u00f3 este mi\u00e9rcoles en la localidad del departamento Paran\u00e1 la reuni\u00f3n de gabinete conjunto con el equipo que lidera el intendente Hern\u00e1n Kisser. Dijo que las prioridades de los vecinos son, tambi\u00e9n, las suyas. Confirm\u00f3 el reinicio de obras en el Instituto de Formaci\u00f3n Docente &nbsp; &nbsp; El encuentro se desarroll\u00f3 en el sal\u00f3n de la Casa de la Cultura y all\u00ed el titular del Poder Ejecutivo entrerriano resalt\u00f3 la labor a la par entre los gabinetes provincial y municipal &#8220;como venimos haciendo en los distintos rincones de&#8230;<\/p>\n","protected":false},"author":3,"featured_media":119706,"comment_status":"closed","ping_status":"closed","sticky":false,"template":"","format":"standard","meta":[],"categories":[15],"tags":[],"_links":{"self":[{"href":"https:\/\/www.actualidadadiario.com\/index.php\/wp-json\/wp\/v2\/posts\/119705"}],"collection":[{"href":"https:\/\/www.actualidadadiario.com\/index.php\/wp-json\/wp\/v2\/posts"}],"about":[{"href":"https:\/\/www.actualidadadiario.com\/index.php\/wp-json\/wp\/v2\/types\/post"}],"author":[{"embeddable":true,"href":"https:\/\/www.actualidadadiario.com\/index.php\/wp-json\/wp\/v2\/users\/3"}],"replies":[{"embeddable":true,"href":"https:\/\/www.actualidadadiario.com\/index.php\/wp-json\/wp\/v2\/comments?post=119705"}],"version-history":[{"count":1,"href":"https:\/\/www.actualidadadiario.com\/index.php\/wp-json\/wp\/v2\/posts\/119705\/revisions"}],"predecessor-version":[{"id":119707,"href":"https:\/\/www.actualidadadiario.com\/index.php\/wp-json\/wp\/v2\/posts\/119705\/revisions\/119707"}],"wp:featuredmedia":[{"embeddable":true,"href":"https:\/\/www.actualidadadiario.com\/index.php\/wp-json\/wp\/v2\/media\/119706"}],"wp:attachment":[{"href":"https:\/\/www.actualidadadiario.com\/index.php\/wp-json\/wp\/v2\/media?parent=119705"}],"wp:term":[{"taxonomy":"category","embeddable":true,"href":"https:\/\/www.actualidadadiario.com\/index.php\/wp-json\/wp\/v2\/categories?post=119705"},{"taxonomy":"post_tag","embeddable":true,"href":"https:\/\/www.actualidadadiario.com\/index.php\/wp-json\/wp\/v2\/tags?post=119705"}],"curies":[{"name":"wp","href":"https:\/\/api.w.org\/{rel}","templated":true}]}}