{"id":119703,"date":"2024-09-05T10:19:35","date_gmt":"2024-09-05T13:19:35","guid":{"rendered":"https:\/\/www.actualidadadiario.com\/?p=119703"},"modified":"2024-09-05T10:19:35","modified_gmt":"2024-09-05T13:19:35","slug":"aprueban-el-plan-delta-2024-para-combatir-incendios","status":"publish","type":"post","link":"https:\/\/www.actualidadadiario.com\/index.php\/2024\/09\/05\/aprueban-el-plan-delta-2024-para-combatir-incendios\/","title":{"rendered":"Aprueban el \u201cPlan Delta 2024\u201d para combatir incendios"},"content":{"rendered":"<p style=\"text-align: center;\"><em><strong>Desde 2020 se quemaron m\u00e1s de un mill\u00f3n de hect\u00e1reas. El plan coordina las tareas de fuerzas nacionales y provinciales y propone m\u00e1s antenas de comunicaci\u00f3n en zonas de Entre R\u00edos<\/strong><\/em><\/p>\n<p>&nbsp;<\/p>\n<p>&nbsp;<\/p>\n<p>En los \u00faltimos a\u00f1os se generaliz\u00f3 el fen\u00f3meno meteorol\u00f3gico de \u201cLa Ni\u00f1a\u201d con condiciones de sequ\u00eda extrema y una bajante hist\u00f3rica del R\u00edo Paran\u00e1, que gestaron condiciones para cientos de incendios de pastizales y vegetaci\u00f3n en la zona del delta del r\u00edo Paran\u00e1 medio e inferior entre 2020 y 2022. Los c\u00e1lculos del Ministerio de Seguridad arrojan que en ese per\u00edodo se quemaron m\u00e1s de un mill\u00f3n de hect\u00e1reas (1.015.000).<\/p>\n<p>Los combates han suscitado el trabajo conjunto de fuerzas de seguridad nacionales y provinciales y bomberos. Para la temporada de incendios que se avecina, el Ministerio de Patricia Bullrich diagram\u00f3 un \u201cPlan de Acci\u00f3n Delta 2024\u201d. Lo public\u00f3 este jueves en el Bolet\u00edn Oficial.<\/p>\n<p>En s\u00edntesis, ordena la coordinaci\u00f3n b\u00e1sica que deber\u00e1n mantener las fuerzas y organismos que intervengan ante lo incendios y propone una mejora en el servicio de telecomunicaciones desde Victoria hasta Puerto Ruiz, Gualeguay, con m\u00e1s antenas.<\/p>\n<p>El periodo de operaciones ser\u00e1 desde mediados del invierno hasta pasado el verano 2024-25 \u201cseg\u00fan las condiciones meteorol\u00f3gicas\u201d.<\/p>\n<p>Las jurisdicciones involucradas en el Plan son Entre R\u00edos, Buenos Aires, Ciudad Aut\u00f3noma de Buenos Aires y Santa Fe, aunque los trabajos se har\u00e1n mayormente en las islas del delta en Entre R\u00edos).<\/p>\n<p>Los operativos estar\u00e1n primeramente a cargo de los Sistemas Provinciales de Manejo del Fuego y Defensas Civiles, con apoyo del Sistema Nacional de Manejo del Fuego (SNMF) y Secretar\u00eda de Articulaci\u00f3n Federal (Protecci\u00f3n Civil) del Ministerio de Seguridad de la Naci\u00f3n.<\/p>\n<p>&nbsp;<\/p>\n<p><strong>Las acciones<\/strong><\/p>\n<p><strong>Las actividades previas a los incendios ser\u00e1n:<\/strong><\/p>\n<p>\u2013 patrullajes preventivos, a cargo de la Polic\u00eda de Entre R\u00edos y Prefectura. Por la Polic\u00eda provincial se dispondr\u00e1n las brigadas rurales Diamante, Laguna del Pescado, Pajonal, Islas del Ibicuy, Perdices y Gualeguay, entre otras.<\/p>\n<p>\u2013 control a pescadores y cazadores, por parte de la Direcci\u00f3n de Recursos Naturales de Entre R\u00edos<\/p>\n<p>\u2013 control en rutas y accesos y bajadas a islas desde la ruta 174 Rosario-Victoria, a cargo de Gendarmer\u00eda<\/p>\n<p>\u2013 prohibir y controlar quemas en las islas, por la Direcci\u00f3n Provincial de Ambiente<\/p>\n<p>\u2013 guardias a\u00e9reas del Plan provincial de Manejo del Fuego y de Defensas Civiles de Santa Fe y Entre R\u00edos<\/p>\n<p>\u2013 guardias de comunicaciones diarias (Plan provincial de Manejo del Fuego, Defensas Civiles de Santa Fe y Entre R\u00edos y Protecci\u00f3n Civil de la Naci\u00f3n)<\/p>\n<p>Durante el despliegue se fijar\u00e1 un puesto comando de los planes provinciales de manejo del fuego y Defensas Civiles de Santa Fe y Entre R\u00edos, y si la situaci\u00f3n se agrava intervendr\u00e1 el Servicio Nacional de Manejo del Fuego y Protecci\u00f3n Civil de la Naci\u00f3n.<\/p>\n<p>Se har\u00e1n informes diarios y partes informativo a la Justicia y como en los a\u00f1os anteriores, se usar\u00e1n los aeroclubes de Alvear-Rosario y de Sam Pedro, Buenos Aires.<\/p>\n<p>&nbsp;<\/p>\n<p><strong>Telecomunicaciones<\/strong><\/p>\n<p>El Plan advierte que en la zona del Delta hay una infraestructura de telecomunicaciones \u201cprecarias y en algunos casos inexistente\u201d lo que dificulta el desempe\u00f1o de los equipos. Entonces, realiza una serie de recomendaciones de equipos y materiales para mejorar la cobertura en tres zonas: Victoria,\u00a0 Rinc\u00f3n del Nogoy\u00e1 y Puerto Ruiz.<\/p>\n<p>En base a informes de las empresas Claro, Movistar y Personal, el Plan plantea que en los tres puntos hay un \u201cd\u00e9ficit en la infraestructura comercial de telecomunicaciones grave\u201d, por lo que sugiere como alternativas la instalaci\u00f3n de antenas en cada uno de esos sitios para potenciar el uso de equipos de base anal\u00f3gico\/digital.<\/p>\n","protected":false},"excerpt":{"rendered":"<p>Desde 2020 se quemaron m\u00e1s de un mill\u00f3n de hect\u00e1reas. El plan coordina las tareas de fuerzas nacionales y provinciales y propone m\u00e1s antenas de comunicaci\u00f3n en zonas de Entre R\u00edos &nbsp; &nbsp; En los \u00faltimos a\u00f1os se generaliz\u00f3 el fen\u00f3meno meteorol\u00f3gico de \u201cLa Ni\u00f1a\u201d con condiciones de sequ\u00eda extrema y una bajante hist\u00f3rica del R\u00edo Paran\u00e1, que gestaron condiciones para cientos de incendios de pastizales y vegetaci\u00f3n en la zona del delta del r\u00edo Paran\u00e1 medio e inferior entre 2020 y 2022. Los c\u00e1lculos del Ministerio de Seguridad arrojan&#8230;<\/p>\n","protected":false},"author":3,"featured_media":104392,"comment_status":"closed","ping_status":"closed","sticky":false,"template":"","format":"standard","meta":[],"categories":[9],"tags":[],"_links":{"self":[{"href":"https:\/\/www.actualidadadiario.com\/index.php\/wp-json\/wp\/v2\/posts\/119703"}],"collection":[{"href":"https:\/\/www.actualidadadiario.com\/index.php\/wp-json\/wp\/v2\/posts"}],"about":[{"href":"https:\/\/www.actualidadadiario.com\/index.php\/wp-json\/wp\/v2\/types\/post"}],"author":[{"embeddable":true,"href":"https:\/\/www.actualidadadiario.com\/index.php\/wp-json\/wp\/v2\/users\/3"}],"replies":[{"embeddable":true,"href":"https:\/\/www.actualidadadiario.com\/index.php\/wp-json\/wp\/v2\/comments?post=119703"}],"version-history":[{"count":1,"href":"https:\/\/www.actualidadadiario.com\/index.php\/wp-json\/wp\/v2\/posts\/119703\/revisions"}],"predecessor-version":[{"id":119704,"href":"https:\/\/www.actualidadadiario.com\/index.php\/wp-json\/wp\/v2\/posts\/119703\/revisions\/119704"}],"wp:featuredmedia":[{"embeddable":true,"href":"https:\/\/www.actualidadadiario.com\/index.php\/wp-json\/wp\/v2\/media\/104392"}],"wp:attachment":[{"href":"https:\/\/www.actualidadadiario.com\/index.php\/wp-json\/wp\/v2\/media?parent=119703"}],"wp:term":[{"taxonomy":"category","embeddable":true,"href":"https:\/\/www.actualidadadiario.com\/index.php\/wp-json\/wp\/v2\/categories?post=119703"},{"taxonomy":"post_tag","embeddable":true,"href":"https:\/\/www.actualidadadiario.com\/index.php\/wp-json\/wp\/v2\/tags?post=119703"}],"curies":[{"name":"wp","href":"https:\/\/api.w.org\/{rel}","templated":true}]}}