{"id":119697,"date":"2024-09-04T14:28:42","date_gmt":"2024-09-04T17:28:42","guid":{"rendered":"https:\/\/www.actualidadadiario.com\/?p=119697"},"modified":"2024-09-04T14:28:42","modified_gmt":"2024-09-04T17:28:42","slug":"gracias-totales-a-diez-anos-del-fallecimiento-de-gustavo-cerati-un-icono-argentino","status":"publish","type":"post","link":"https:\/\/www.actualidadadiario.com\/index.php\/2024\/09\/04\/gracias-totales-a-diez-anos-del-fallecimiento-de-gustavo-cerati-un-icono-argentino\/","title":{"rendered":"Gracias totales: a diez a\u00f1os del fallecimiento de Gustavo Cerati, un \u00edcono argentino"},"content":{"rendered":"<p style=\"text-align: center;\"><em><strong>El m\u00fasico que marc\u00f3 huella en la historia del rock latinoamericano falleci\u00f3 a los 55 a\u00f1os reci\u00e9n cumplidos y tras 52 meses de internaci\u00f3n<\/strong><\/em><\/p>\n<p>&nbsp;<\/p>\n<p>&nbsp;<\/p>\n<p>Este 4 de septiembre se cumplen 10 a\u00f1os del fallecimiento de Gustavo Cerati, uno de los m\u00fasicos m\u00e1s emblem\u00e1ticos de Argentina, que marc\u00f3 huella en el rock latinoamericano: un recuerdo imborrable y los homenajes en la actualidad.<\/p>\n<p>&#8220;Comunicamos que hoy en horas de la ma\u00f1ana falleci\u00f3 el paciente Gustavo Cerati como consecuencia de un paro respiratorio&#8221; anunciaba hace una d\u00e9cada, a las 13:48, el m\u00e9dico Gustavo Barbalace de la Cl\u00ednica ALCLA.<\/p>\n<p>De esa manera, se informaba del final de uno de los nombres m\u00e1s importantes de la historia del rock argentino, quien adem\u00e1s de innumerables cl\u00e1sicos aportados con Soda Stereo y como solista, dejaba el recuerdo de su voz y su guitarra destellando virtuosismo y elegancia.<\/p>\n<p>En ese momento, el mundo de la m\u00fasica se paraliz\u00f3 a nivel nacional e internacional. Cerati falleci\u00f3 a los 55 a\u00f1os reci\u00e9n cumplidos y tras 52 meses de internaci\u00f3n. Su proceso hab\u00eda iniciado con un ACV que sufri\u00f3 el 15 de mayo de 2010, al terminar un concierto en Venezuela, donde present\u00f3 el disco Fuerza Natural. La \u00faltima canci\u00f3n que toc\u00f3 en vivo fue \u201cLago en el cielo\u201d, cuyo estribillo anticipa: \u201cVamos despacio para encontrarnos. El tiempo es arena en mis manos\u201d.<\/p>\n<p>Sus miles de fan\u00e1ticos y seguidores se despidieron esa misma noche en la Legislatura porte\u00f1a. Una fila interminable esperaba desde temprano para darle el \u00faltimo adi\u00f3s. La multitud cantaba estrofas de sus canciones m\u00e1s emblem\u00e1ticas y los coros eran interrumpidos al grito de &#8220;Gustavo no se va&#8221;. Los restos llegaron en un cortejo f\u00fanebre al cementerio de la Chacarita y el Gobierno decret\u00f3 2 d\u00edas de duelo.<\/p>\n<p>&nbsp;<\/p>\n<p><strong>Repercusiones de la muerte de Cerati<\/strong><\/p>\n<p>Las repercusiones se hicieron eco en todos los medios. La imagen del m\u00fasico fue portada de los principales diarios, abarc\u00f3 el rol central en los noticieros y radios de todo el pa\u00eds y el exterior. No s\u00f3lo se volvi\u00f3 un tema de agenda, sino que la sociedad hac\u00eda eco de un \u00fanico eje de conversaci\u00f3n.<\/p>\n<p>A nivel nacional, la presidenta en aquel momento, Cristina Fern\u00e1ndez de Kirchner, public\u00f3 una foto y un v\u00eddeo del artista con Luis Alberto Spinetta. &#8220;Gustavo Cerati y el flaco Spinetta, \u00eddolos populares de varias generaciones de argentinos. Ac\u00e1 tocaban juntos el tema &#8220;Bajan&#8221;. En realidad, subieron. Inolvidables. Y juntos para siempre&#8221;, escribi\u00f3 Fern\u00e1ndez.<\/p>\n<p>La admiraci\u00f3n popular estuvo acompa\u00f1ada por el reconocimiento y homenaje de pares y de la industria. A nivel nacional, no se hicieron esperar los recuerdos de sus colegas. Charly Garc\u00eda subi\u00f3 una foto con el m\u00fasico y escribi\u00f3: &#8220;QEPD @cerati&#8221;. Andr\u00e9s Calamaro dijo: &#8220;Hay una estrella m\u00e1s en el cielo. Te recordaremos siempre con intenso amor y gratitud, querido Gustavo&#8221;.<\/p>\n<p>Zeta Bosio y Charly Alberti no pod\u00edan faltar, ya que compartieron los primeros escenarios con Gustavo. Los Aut\u00e9nticos Decadentes, El Bahiano y cientos de artistas mostraron sus respetos. A nivel internacional sumaron sus condolencias Juanes, Shakira, Ricky Martin, Julieta Venegas, Paul Williams, entre las miles de despedidas.<\/p>\n<p>En las redes sociales se viralizaron r\u00e1pidamente los hashtags #HastaSiempreCerati y #GraciasTotales y se convirtieron en los m\u00e1s populares en X (antes Twitter). En el mundo digital, M\u00e9xico fue uno de los pa\u00edses donde mayor cantidad de fan\u00e1ticos expresaron su dolor.<\/p>\n<p>&nbsp;<\/p>\n<p><strong>Una d\u00e9cada sin Gustavo<\/strong><\/p>\n<p>El m\u00fasico, ganador de cuatro Grammy latinos, tres premios MTV, tres premios Konex y un Gardel de Oro, es recordado constantemente y una reconocida influencia en la cultura nacional. Los homenajes no cesan. Bandas de todos los pa\u00edses se hacen eco de sus canciones.<\/p>\n<p>Su hijo, Benito Cerati, sigui\u00f3 los pasos de su padre y, actualmente, es reconocido en el \u00e1mbito musical. El pasado aniversario, Benito homenaje\u00f3 los 30 a\u00f1os de Amor amarillo, el primer \u00e1lbum de estudio solista de la carrera de Gustavo Cerati, realizado en 1993.<\/p>\n<p>Este s\u00e1bado 7 y domingo 8 de septiembre, la banda homenaje a Soda y Cerati oriunda de C\u00f3rdoba, Planeador V, recordar\u00e1 al compositor con el espect\u00e1culo CERAXTI en el Anfiteatro del Parque Centenario. El encuentro recorrer\u00e1 una selecci\u00f3n de los grandes \u00e9xitos, tanto de su etapa solista, como junto a sus compa\u00f1eros de ruta Charly Alberti y Zeta Bosio.<\/p>\n<p>M\u00e1s all\u00e1 de celebrar la m\u00fasica del int\u00e9rprete, el grupo tributo contribuye con alimentos no perecederos, juguetes en buen estado, leche en polvo, pa\u00f1ales o elementos de higiene para ni\u00f1os en situaci\u00f3n de vulnerabilidad.<\/p>\n<p>&nbsp;<\/p>\n<p><strong>Momentos ic\u00f3nicos<\/strong><\/p>\n<p>Gustavo Cerati comenz\u00f3 su carrera musical con los grupos Savage y Triciclo, hasta que conoci\u00f3 a Charly Alberti y Zeta Bosio. Soda Stereo lanz\u00f3 su primer disco hom\u00f3nimo en 1984, bajo las influencias de The Police y The Cure y la producci\u00f3n de Federico Moura.<\/p>\n<p>El 20 de septiembre de 1997 la banda finaliz\u00f3 su gira de despedida. El evento dio lugar a El \u00faltimo concierto, el \u00e1lbum grabado en vivo que recopila la mayor parte de esa gira. All\u00ed se volvieron historia, ante m\u00e1s de 70.000 personas, las palabras de Gustavo: &#8220;Gracias totales&#8221;.<\/p>\n<p>Diez a\u00f1os despu\u00e9s, en 2007 el grupo sali\u00f3 a tocar una vez m\u00e1s con la gira Me ver\u00e1s volver que comenz\u00f3 el 19 de octubre y termin\u00f3 el 21 de diciembre en el estadio River Plate. El \u00faltimo 11 de agosto Cerati hubiera cumplido 65 a\u00f1os.<\/p>\n","protected":false},"excerpt":{"rendered":"<p>El m\u00fasico que marc\u00f3 huella en la historia del rock latinoamericano falleci\u00f3 a los 55 a\u00f1os reci\u00e9n cumplidos y tras 52 meses de internaci\u00f3n &nbsp; &nbsp; Este 4 de septiembre se cumplen 10 a\u00f1os del fallecimiento de Gustavo Cerati, uno de los m\u00fasicos m\u00e1s emblem\u00e1ticos de Argentina, que marc\u00f3 huella en el rock latinoamericano: un recuerdo imborrable y los homenajes en la actualidad. &#8220;Comunicamos que hoy en horas de la ma\u00f1ana falleci\u00f3 el paciente Gustavo Cerati como consecuencia de un paro respiratorio&#8221; anunciaba hace una d\u00e9cada, a las 13:48, el&#8230;<\/p>\n","protected":false},"author":3,"featured_media":119698,"comment_status":"closed","ping_status":"closed","sticky":false,"template":"","format":"standard","meta":[],"categories":[4],"tags":[],"_links":{"self":[{"href":"https:\/\/www.actualidadadiario.com\/index.php\/wp-json\/wp\/v2\/posts\/119697"}],"collection":[{"href":"https:\/\/www.actualidadadiario.com\/index.php\/wp-json\/wp\/v2\/posts"}],"about":[{"href":"https:\/\/www.actualidadadiario.com\/index.php\/wp-json\/wp\/v2\/types\/post"}],"author":[{"embeddable":true,"href":"https:\/\/www.actualidadadiario.com\/index.php\/wp-json\/wp\/v2\/users\/3"}],"replies":[{"embeddable":true,"href":"https:\/\/www.actualidadadiario.com\/index.php\/wp-json\/wp\/v2\/comments?post=119697"}],"version-history":[{"count":1,"href":"https:\/\/www.actualidadadiario.com\/index.php\/wp-json\/wp\/v2\/posts\/119697\/revisions"}],"predecessor-version":[{"id":119699,"href":"https:\/\/www.actualidadadiario.com\/index.php\/wp-json\/wp\/v2\/posts\/119697\/revisions\/119699"}],"wp:featuredmedia":[{"embeddable":true,"href":"https:\/\/www.actualidadadiario.com\/index.php\/wp-json\/wp\/v2\/media\/119698"}],"wp:attachment":[{"href":"https:\/\/www.actualidadadiario.com\/index.php\/wp-json\/wp\/v2\/media?parent=119697"}],"wp:term":[{"taxonomy":"category","embeddable":true,"href":"https:\/\/www.actualidadadiario.com\/index.php\/wp-json\/wp\/v2\/categories?post=119697"},{"taxonomy":"post_tag","embeddable":true,"href":"https:\/\/www.actualidadadiario.com\/index.php\/wp-json\/wp\/v2\/tags?post=119697"}],"curies":[{"name":"wp","href":"https:\/\/api.w.org\/{rel}","templated":true}]}}