{"id":119693,"date":"2024-09-04T14:27:22","date_gmt":"2024-09-04T17:27:22","guid":{"rendered":"https:\/\/www.actualidadadiario.com\/?p=119693"},"modified":"2024-09-04T14:27:33","modified_gmt":"2024-09-04T17:27:33","slug":"en-indonesia-el-papa-francisco-reitero-la-importancia-de-la-justicia-social-y-el-dialogo","status":"publish","type":"post","link":"https:\/\/www.actualidadadiario.com\/index.php\/2024\/09\/04\/en-indonesia-el-papa-francisco-reitero-la-importancia-de-la-justicia-social-y-el-dialogo\/","title":{"rendered":"En Indonesia, el papa Francisco reiter\u00f3 la importancia de la justicia social y el di\u00e1logo"},"content":{"rendered":"<p style=\"text-align: center;\"><em><strong>El di\u00e1logo interreligioso es uno de los temas principales de esta visita de tres d\u00edas al pa\u00eds asi\u00e1tico, que incluye una reuni\u00f3n el jueves con representantes de las seis confesiones oficialmente reconocidas en el pa\u00eds<\/strong><\/em><\/p>\n<p>&nbsp;<\/p>\n<p>&nbsp;<\/p>\n<p>El papa Francisco pidi\u00f3 este mi\u00e9rcoles en Yakarta &#8220;fortalecer el di\u00e1logo interreligioso&#8221; para luchar contra &#8220;el extremismo y la intolerancia&#8221;, en el inicio de su larga gira por Asia y el Pac\u00edfico.<\/p>\n<p>El di\u00e1logo interreligioso es uno de los temas principales de esta visita de tres d\u00edas a Indonesia, que incluye una reuni\u00f3n el jueves con representantes de las seis confesiones oficialmente reconocidas en el pa\u00eds.<\/p>\n<p>Este di\u00e1logo es &#8220;indispensable para enfrentar desaf\u00edos comunes, incluida la lucha contra el extremismo y la intolerancia, que, al distorsionar la religi\u00f3n, intentan imponerse mediante el enga\u00f1o y la violencia&#8221;, dijo Francisco en un discurso en el palacio presidencial.<\/p>\n<p>En buena forma y sonriendo, el papa argentino fue recibido en el palacio Merdeka por el presidente saliente de Indonesia, Joko Widodo, con quien habl\u00f3 en privado.<\/p>\n<p>Indonesia lucha desde hace d\u00e9cadas contra el extremismo islamista, que culmin\u00f3 con los atentados en la isla de Bali de 2002 que mataron a 202 personas.<\/p>\n<p>&nbsp;<\/p>\n<p><strong>El Papa pidi\u00f3 en Indonesia luchar contra &#8220;el extremismo y la intolerancia&#8221;<\/strong><\/p>\n<p>El Papa tambi\u00e9n habl\u00f3 de la situaci\u00f3n internacional y asegur\u00f3 que los conflictos violentos son a menudo &#8220;el resultado (&#8230;) de hacer prevalecer a toda costa los intereses, la posici\u00f3n o la narrativa hist\u00f3rica parcial de uno, incluso cuando esto conlleva un sufrimiento interminable para comunidades enteras y resulta en verdaderas guerras sangrientas&#8221;.<\/p>\n<p>&#8220;Libertad y tolerancia, esto es lo que Indonesia y el Vaticano desean propagar&#8221;, respondi\u00f3 Widodo.<\/p>\n<p>Cientos de ni\u00f1os y j\u00f3venes con trajes tradicionales y banderas de Indonesia y del Vaticano recibieron a Francisco, que tambi\u00e9n presenci\u00f3 un desfile militar y escuch\u00f3 los himnos de ambos pa\u00edses.<\/p>\n<p>El mismo fervor se sinti\u00f3 por la tarde en la catedral de Nuestra Se\u00f1ora de la Asunci\u00f3n, donde el l\u00edder de los 1.300 millones de cat\u00f3licos alent\u00f3 al clero local a la &#8220;fraternidad&#8221;, invit\u00e1ndolos a permanecer &#8220;abiertos y amigos de todos&#8221;.<\/p>\n<p>La visita del Papa recuerda que &#8220;no solo estamos cerca del pueblo indonesio sino tambi\u00e9n de otras religiones&#8221;, dijo Caroline, una monja de 45 a\u00f1os de las Hermanas de la Caridad de Sumatra.<\/p>\n<p>Despu\u00e9s de 13 horas de vuelo el martes, Francisco, que se desplaza en silla de ruedas, se tom\u00f3 medio d\u00eda de descanso, aunque no parece estar sufriendo del desfase horario, ni del calor h\u00famedo en la capital indonesia.<\/p>\n<p>&nbsp;<\/p>\n<p><strong>Francisco es el tercer Papa que visita Indonesia<\/strong><\/p>\n<p>El mi\u00e9rcoles tambi\u00e9n habl\u00f3 de la tasa de natalidad. &#8220;En su pa\u00eds, la gente tiene tres, cuatro o cinco hijos, es un ejemplo para todos los pa\u00edses, mientras que algunos prefieren tener solo un gato o un perro peque\u00f1o. Esto no puede salir bien&#8221;, dijo Francisco, a lo que Widodo respondi\u00f3 con una sonrisa.<\/p>\n<p>Indonesia, un archipi\u00e9lago de 17.500 islas, alberga la mayor poblaci\u00f3n musulmana del mundo (242 millones, el 87% de los habitantes) y tiene unos ocho millones de cat\u00f3licos (menos del 3%). Francisco es el tercer pont\u00edfice que arriba a ese pa\u00eds, despu\u00e9s de Pablo VI en 1970 y Juan Pablo II en 1989.<\/p>\n<p>Durante la jornada Jorge Bergoglio se reuni\u00f3 en privado con miembros de la Compa\u00f1\u00eda de Jes\u00fas (la orden jesuita, a la que pertenece) en la nunciatura apost\u00f3lica de la Santa Sede, la embajada del Vaticano, como siempre suele hacer en sus viajes al extranjero.<\/p>\n<p>El mi\u00e9rcoles terminar\u00e1 la jornada con un encuentro con j\u00f3venes de la red Scholas Occurrentes, un movimiento educativo originalmente destinado a ayudar a los ni\u00f1os de las zonas desfavorecidas de Buenos Aires.<\/p>\n<p>Su marat\u00f3nica gira por cuatro pa\u00edses del sudeste asi\u00e1tico y Ocean\u00eda (Indonesia, Pap\u00faa Nueva Guinea, Timor Oriental y Singapur) estaba originalmente prevista en 2020 pero fue aplazada por la pandemia de Covid-19.<\/p>\n<p>El viernes tiene prevista su llegada a Pap\u00faa Nueva Guinea, luego ir\u00e1 a Timor Oriental y terminar\u00e1 en Singapur, donde el 13 de septiembre habr\u00e1 completado un viaje de 32.000 km, el m\u00e1s largo desde que fue elegido papa en 2013.<\/p>\n<p>Este viaje, su n\u00famero 45 al extranjero, supone un desaf\u00edo f\u00edsico para el jesuita argentino, que ha sufrido numerosos problemas de salud en los \u00faltimos a\u00f1os.<\/p>\n","protected":false},"excerpt":{"rendered":"<p>El di\u00e1logo interreligioso es uno de los temas principales de esta visita de tres d\u00edas al pa\u00eds asi\u00e1tico, que incluye una reuni\u00f3n el jueves con representantes de las seis confesiones oficialmente reconocidas en el pa\u00eds &nbsp; &nbsp; El papa Francisco pidi\u00f3 este mi\u00e9rcoles en Yakarta &#8220;fortalecer el di\u00e1logo interreligioso&#8221; para luchar contra &#8220;el extremismo y la intolerancia&#8221;, en el inicio de su larga gira por Asia y el Pac\u00edfico. El di\u00e1logo interreligioso es uno de los temas principales de esta visita de tres d\u00edas a Indonesia, que incluye una reuni\u00f3n&#8230;<\/p>\n","protected":false},"author":3,"featured_media":119694,"comment_status":"closed","ping_status":"closed","sticky":false,"template":"","format":"standard","meta":[],"categories":[4],"tags":[],"_links":{"self":[{"href":"https:\/\/www.actualidadadiario.com\/index.php\/wp-json\/wp\/v2\/posts\/119693"}],"collection":[{"href":"https:\/\/www.actualidadadiario.com\/index.php\/wp-json\/wp\/v2\/posts"}],"about":[{"href":"https:\/\/www.actualidadadiario.com\/index.php\/wp-json\/wp\/v2\/types\/post"}],"author":[{"embeddable":true,"href":"https:\/\/www.actualidadadiario.com\/index.php\/wp-json\/wp\/v2\/users\/3"}],"replies":[{"embeddable":true,"href":"https:\/\/www.actualidadadiario.com\/index.php\/wp-json\/wp\/v2\/comments?post=119693"}],"version-history":[{"count":2,"href":"https:\/\/www.actualidadadiario.com\/index.php\/wp-json\/wp\/v2\/posts\/119693\/revisions"}],"predecessor-version":[{"id":119696,"href":"https:\/\/www.actualidadadiario.com\/index.php\/wp-json\/wp\/v2\/posts\/119693\/revisions\/119696"}],"wp:featuredmedia":[{"embeddable":true,"href":"https:\/\/www.actualidadadiario.com\/index.php\/wp-json\/wp\/v2\/media\/119694"}],"wp:attachment":[{"href":"https:\/\/www.actualidadadiario.com\/index.php\/wp-json\/wp\/v2\/media?parent=119693"}],"wp:term":[{"taxonomy":"category","embeddable":true,"href":"https:\/\/www.actualidadadiario.com\/index.php\/wp-json\/wp\/v2\/categories?post=119693"},{"taxonomy":"post_tag","embeddable":true,"href":"https:\/\/www.actualidadadiario.com\/index.php\/wp-json\/wp\/v2\/tags?post=119693"}],"curies":[{"name":"wp","href":"https:\/\/api.w.org\/{rel}","templated":true}]}}