{"id":119690,"date":"2024-09-04T14:25:59","date_gmt":"2024-09-04T17:25:59","guid":{"rendered":"https:\/\/www.actualidadadiario.com\/?p=119690"},"modified":"2024-09-04T14:25:59","modified_gmt":"2024-09-04T17:25:59","slug":"greta-thunberg-fue-detenida-por-una-nueva-protesta","status":"publish","type":"post","link":"https:\/\/www.actualidadadiario.com\/index.php\/2024\/09\/04\/greta-thunberg-fue-detenida-por-una-nueva-protesta\/","title":{"rendered":"Greta Thunberg fue detenida por una nueva protesta"},"content":{"rendered":"<p style=\"text-align: center;\"><em><strong>La activista sueca estuvo all\u00ed para protestar contra la colaboraci\u00f3n de la Universidad de Copenhague con universidades israel\u00edes<\/strong><\/em><\/p>\n<p>&nbsp;<\/p>\n<p>&nbsp;<\/p>\n<p>La activista Greta Thunberg fue detenida junto a otros cinco manifestantes frente a un edificio de la Universidad de Copenhague, Dinamarca, que fue tomado por varios integrantes del grupo Estudiantes contra la Ocupaci\u00f3n, informaron medios internacionales.<\/p>\n<p>El diario Ekstra Bladet difundi\u00f3 una foto en la que se ve a Thunberg esposada frente al edificio y la Polic\u00eda emiti\u00f3 el siguiente comunicado: &#8220;Esta ma\u00f1ana hemos detenido a seis manifestantes que bloquearon por un corto espacio de tiempo la entrada a los edificios de la Universidad de Copenhague. Se han presentado cargos contra las seis personas por allanamiento de morada. Seguimos en el lugar, que ahora est\u00e1 tranquilo&#8221;, se\u00f1ala la nota.<\/p>\n<p>El objetivo de la acci\u00f3n era protestar contra la colaboraci\u00f3n de esta instituci\u00f3n con universidades israel\u00edes.<\/p>\n<p>La fundadora del movimiento clim\u00e1tico Fridays for Future (FFF) mostr\u00f3 en los \u00faltimos meses su apoyo a la causa palestina y su oposici\u00f3n a la actuaci\u00f3n de Israel tras los atentados de Ham\u00e1s de octubre pasado.<\/p>\n<p>&#8220;Cuando expertos de la ONU instan al mundo a actuar para impedir un genocidio , como seres humanos tenemos una responsabilidad. Exigir el fin de esta violencia es una cuesti\u00f3n de humanidad b\u00e1sica, invitamos a todos los que puedan a hacerlo. El silencio es ser c\u00f3mplice. No se puede ser neutral ante un genocidio&#8221;, escribi\u00f3 en un art\u00edculo en diciembre.<\/p>\n<p>Thunberg estuvo en varias manifestaciones recientes el tradicional pa\u00f1uelo palestino blanco y negro, como en la que recorri\u00f3 las calles de Malmoe (Suecia) en mayo contra la participaci\u00f3n de Israel en el festival de Eurovisi\u00f3n de este a\u00f1o.<\/p>\n<p>Israel y aliados como los Estados Unidos y Alemania niegan la acusaci\u00f3n de que se est\u00e1 cometiendo un &#8220;genocidio&#8221; en Gaza.<\/p>\n<p>Pero Sud\u00e1frica afirma precisamente esa acusaci\u00f3n y as\u00ed lo sostuvo ante la Corte Penal Internacional (CPI), con apoyo de otros pa\u00edses, incluidos algunos latinoamericanos -indica el sitio DW- y detr\u00e1s de esa consigna se aline\u00f3 la activista sueca.<\/p>\n","protected":false},"excerpt":{"rendered":"<p>La activista sueca estuvo all\u00ed para protestar contra la colaboraci\u00f3n de la Universidad de Copenhague con universidades israel\u00edes &nbsp; &nbsp; La activista Greta Thunberg fue detenida junto a otros cinco manifestantes frente a un edificio de la Universidad de Copenhague, Dinamarca, que fue tomado por varios integrantes del grupo Estudiantes contra la Ocupaci\u00f3n, informaron medios internacionales. El diario Ekstra Bladet difundi\u00f3 una foto en la que se ve a Thunberg esposada frente al edificio y la Polic\u00eda emiti\u00f3 el siguiente comunicado: &#8220;Esta ma\u00f1ana hemos detenido a seis manifestantes que bloquearon&#8230;<\/p>\n","protected":false},"author":3,"featured_media":119691,"comment_status":"closed","ping_status":"closed","sticky":false,"template":"","format":"standard","meta":[],"categories":[4],"tags":[],"_links":{"self":[{"href":"https:\/\/www.actualidadadiario.com\/index.php\/wp-json\/wp\/v2\/posts\/119690"}],"collection":[{"href":"https:\/\/www.actualidadadiario.com\/index.php\/wp-json\/wp\/v2\/posts"}],"about":[{"href":"https:\/\/www.actualidadadiario.com\/index.php\/wp-json\/wp\/v2\/types\/post"}],"author":[{"embeddable":true,"href":"https:\/\/www.actualidadadiario.com\/index.php\/wp-json\/wp\/v2\/users\/3"}],"replies":[{"embeddable":true,"href":"https:\/\/www.actualidadadiario.com\/index.php\/wp-json\/wp\/v2\/comments?post=119690"}],"version-history":[{"count":1,"href":"https:\/\/www.actualidadadiario.com\/index.php\/wp-json\/wp\/v2\/posts\/119690\/revisions"}],"predecessor-version":[{"id":119692,"href":"https:\/\/www.actualidadadiario.com\/index.php\/wp-json\/wp\/v2\/posts\/119690\/revisions\/119692"}],"wp:featuredmedia":[{"embeddable":true,"href":"https:\/\/www.actualidadadiario.com\/index.php\/wp-json\/wp\/v2\/media\/119691"}],"wp:attachment":[{"href":"https:\/\/www.actualidadadiario.com\/index.php\/wp-json\/wp\/v2\/media?parent=119690"}],"wp:term":[{"taxonomy":"category","embeddable":true,"href":"https:\/\/www.actualidadadiario.com\/index.php\/wp-json\/wp\/v2\/categories?post=119690"},{"taxonomy":"post_tag","embeddable":true,"href":"https:\/\/www.actualidadadiario.com\/index.php\/wp-json\/wp\/v2\/tags?post=119690"}],"curies":[{"name":"wp","href":"https:\/\/api.w.org\/{rel}","templated":true}]}}