{"id":119681,"date":"2024-09-04T13:23:16","date_gmt":"2024-09-04T16:23:16","guid":{"rendered":"https:\/\/www.actualidadadiario.com\/?p=119681"},"modified":"2024-09-04T13:23:16","modified_gmt":"2024-09-04T16:23:16","slug":"deciden-si-el-senado-sesiona-este-jueves","status":"publish","type":"post","link":"https:\/\/www.actualidadadiario.com\/index.php\/2024\/09\/04\/deciden-si-el-senado-sesiona-este-jueves\/","title":{"rendered":"Deciden si el Senado sesiona este jueves"},"content":{"rendered":"<p style=\"text-align: center;\"><em><strong>La Libertad Avanza quiere aprobar la Boleta \u00danica en Papel, pero sabe que lo espera una derrota con el DNU de la SIDE y presupuesto universitario<\/strong><\/em><\/p>\n<p>&nbsp;<\/p>\n<p>&nbsp;<\/p>\n<p>\u201cLo \u00fanico definido es la indefinici\u00f3n\u201d, desliz\u00f3 este martes un senador para graficar las dudas en torno a la posibilidad o no de sesionar este mi\u00e9rcoles o jueves. O mi\u00e9rcoles y jueves, como se baraj\u00f3 durante buena parte del d\u00eda. Al final, la sensaci\u00f3n era que al final no habr\u00eda sesi\u00f3n de mi\u00e9rcoles, tan solo porque sonaba desprolijo que se la convocara el mismo d\u00eda.<\/p>\n<p>Como sea, los senadores est\u00e1n en Buenos Aires, pendientes de una convocatoria que oscila entre mi\u00e9rcoles y jueves, aunque al caer la noche de este martes se daba por seguro que ser\u00eda el jueves. Con reuni\u00f3n de Labor Parlamentaria este mi\u00e9rcoles a las 17.<\/p>\n<p>Ya desde la semana pasada estaba la intenci\u00f3n del oficialismo de abrir el recinto para tratar la iniciativa de BUP. Desde el Poder Ejecutivo hay un pedido constante ante los tiempos que corren si se pretende implementar en las elecciones del a\u00f1o pr\u00f3ximo.<\/p>\n<p>Luego de presentarse funcionarios en un plenario de comisiones, que ya hab\u00eda dictaminado en el verano, el Gobierno acerc\u00f3 un nuevo borrador a la oposici\u00f3n dialoguista. Entre los cambios m\u00e1s destacados figura que se quitar\u00eda el casillero en blanco con la opci\u00f3n de votar lista completa, uno de los mayores reclamos de partidos provinciales, con especial \u00e9nfasis de la rionegrina M\u00f3nica Silva, cuyo acompa\u00f1amiento resultar\u00eda clave para salir del virtual empate (36 a 36) que reun\u00eda la iniciativa y por eso no se trat\u00f3 en sesiones extraordinarias. Recordemos que por tratarse de una ley electoral, necesita mayor\u00edas especiales, de manera tal que no vale desempate de Victoria Villarruel.<\/p>\n<p>Adem\u00e1s, seg\u00fan la nueva versi\u00f3n que circul\u00f3 del dictamen, las elecciones PASO se adelantar\u00edan a la primera semana de agosto y, con ello, se correr\u00edan otros plazos del cronograma electoral, como el inicio de la campa\u00f1a.<\/p>\n<p>Si se aprueban las modificaciones, el texto deber\u00e1 volver a la C\u00e1mara de Diputados, que podr\u00e1 aceptarlos o no.<\/p>\n<p>Por otra parte, y tal cual se hab\u00eda anunciado al constituirse la Comisi\u00f3n de Educaci\u00f3n, este martes se reuni\u00f3 un plenario de las comisiones de Educaci\u00f3n y Cultura y Presupuesto y Hacienda para tratar el proyecto de financiamiento universitario con media sanci\u00f3n de Diputados. Y tal cual lo esperado, se firm\u00f3 el dictamen para llevar el tema al recinto. Si bien en la C\u00e1mara alta se respeta el plazo de siete d\u00edas para que un dictamen vaya al recinto, en la \u00faltima sesi\u00f3n se aprob\u00f3 una moci\u00f3n de preferencia para que la iniciativa sea tratada con o sin despacho de comisi\u00f3n en la pr\u00f3xima sesi\u00f3n.<\/p>\n<p>El proyecto aprobado por 143 votos a favor, 77 en contra y una abstenci\u00f3n el pasado pasado 15 de agosto en la C\u00e1mara baja, tendr\u00eda para este a\u00f1o un costo fiscal de 0,14% del PBI, equivalente a 738.595 millones de pesos, de acuerdo a un informe de la Oficina de Presupuesto del Congreso. Motorizada por la oposici\u00f3n, \u00e9sta es otra iniciativa que pone en alerta al Gobierno, que recientemente vet\u00f3 la Ley de Movilidad Jubilatoria por \u201cdarle la espalda al equilibrio fiscal\u201d.<\/p>\n<p>Finalmente, pese a la puesta en marcha de la Bicameral de Inteligencia, donde en la \u00faltima reuni\u00f3n se acord\u00f3 citar a Sergio Neiffert, titular de la SIDE, el oficialismo no evitar\u00eda que el DNU 656\/24 sea tratado, con alt\u00edsimas chances de ser rechazado. Se necesita mayor\u00eda simple.<\/p>\n<p>La Ley 26.122 establece que para que un DNU quede firme, basta con la aprobaci\u00f3n de una c\u00e1mara, mientras que para que se caiga, debe ser votado en ambas. El rechazo al decreto de la SIDE en la C\u00e1mara de Diputados se vot\u00f3 el 21 de agosto con 156 votos a favor, 52 en contra y 6 abstenciones. De concretarse en Senado ser\u00eda la primera vez en la historia que un DNU sea rechazado por el Congreso en ambas c\u00e1maras. Y una nueva derrota para el oficialismo libertario, en marcada minor\u00eda parlamentaria y con una relaci\u00f3n con los dialoguistas que no es la misma que al comienzo de la gesti\u00f3n.<\/p>\n","protected":false},"excerpt":{"rendered":"<p>La Libertad Avanza quiere aprobar la Boleta \u00danica en Papel, pero sabe que lo espera una derrota con el DNU de la SIDE y presupuesto universitario &nbsp; &nbsp; \u201cLo \u00fanico definido es la indefinici\u00f3n\u201d, desliz\u00f3 este martes un senador para graficar las dudas en torno a la posibilidad o no de sesionar este mi\u00e9rcoles o jueves. O mi\u00e9rcoles y jueves, como se baraj\u00f3 durante buena parte del d\u00eda. Al final, la sensaci\u00f3n era que al final no habr\u00eda sesi\u00f3n de mi\u00e9rcoles, tan solo porque sonaba desprolijo que se la convocara&#8230;<\/p>\n","protected":false},"author":3,"featured_media":119682,"comment_status":"closed","ping_status":"closed","sticky":false,"template":"","format":"standard","meta":[],"categories":[18],"tags":[],"_links":{"self":[{"href":"https:\/\/www.actualidadadiario.com\/index.php\/wp-json\/wp\/v2\/posts\/119681"}],"collection":[{"href":"https:\/\/www.actualidadadiario.com\/index.php\/wp-json\/wp\/v2\/posts"}],"about":[{"href":"https:\/\/www.actualidadadiario.com\/index.php\/wp-json\/wp\/v2\/types\/post"}],"author":[{"embeddable":true,"href":"https:\/\/www.actualidadadiario.com\/index.php\/wp-json\/wp\/v2\/users\/3"}],"replies":[{"embeddable":true,"href":"https:\/\/www.actualidadadiario.com\/index.php\/wp-json\/wp\/v2\/comments?post=119681"}],"version-history":[{"count":1,"href":"https:\/\/www.actualidadadiario.com\/index.php\/wp-json\/wp\/v2\/posts\/119681\/revisions"}],"predecessor-version":[{"id":119683,"href":"https:\/\/www.actualidadadiario.com\/index.php\/wp-json\/wp\/v2\/posts\/119681\/revisions\/119683"}],"wp:featuredmedia":[{"embeddable":true,"href":"https:\/\/www.actualidadadiario.com\/index.php\/wp-json\/wp\/v2\/media\/119682"}],"wp:attachment":[{"href":"https:\/\/www.actualidadadiario.com\/index.php\/wp-json\/wp\/v2\/media?parent=119681"}],"wp:term":[{"taxonomy":"category","embeddable":true,"href":"https:\/\/www.actualidadadiario.com\/index.php\/wp-json\/wp\/v2\/categories?post=119681"},{"taxonomy":"post_tag","embeddable":true,"href":"https:\/\/www.actualidadadiario.com\/index.php\/wp-json\/wp\/v2\/tags?post=119681"}],"curies":[{"name":"wp","href":"https:\/\/api.w.org\/{rel}","templated":true}]}}