{"id":119678,"date":"2024-09-04T13:22:11","date_gmt":"2024-09-04T16:22:11","guid":{"rendered":"https:\/\/www.actualidadadiario.com\/?p=119678"},"modified":"2024-09-04T13:22:11","modified_gmt":"2024-09-04T16:22:11","slug":"jubilaciones-que-dijo-francos-sobre-la-ley-vetada-por-milei","status":"publish","type":"post","link":"https:\/\/www.actualidadadiario.com\/index.php\/2024\/09\/04\/jubilaciones-que-dijo-francos-sobre-la-ley-vetada-por-milei\/","title":{"rendered":"Jubilaciones: Qu\u00e9 dijo Francos sobre la ley vetada por Milei"},"content":{"rendered":"<p style=\"text-align: center;\"><em><strong>Ante la C\u00e1mara de Diputados, el jefe de Gabinete advirti\u00f3 que la sanci\u00f3n de ese proyecto \u201cno constituye un acto maduro y responsable\u201d y asegur\u00f3 que el Gobierno busca que \u201clos jubilados no pierdan nunca m\u00e1s contra la inflaci\u00f3n\u201d<\/strong><\/em><\/p>\n<p>&nbsp;<\/p>\n<p>&nbsp;<\/p>\n<p>En su mensaje inicial, el jefe de Gabinete, Guillermo Francos, se refiri\u00f3 a la Ley de Movilidad Previsional aprobada por el Congreso, que fue vetada por el presidente Javier Milei. Fue sobre el final de su alocuci\u00f3n, cuando advirti\u00f3 que \u201ctodos los que tenemos responsabilidades institucionales debemos actuar de forma madura y responsable\u201d, y en ese sentido se\u00f1al\u00f3 que \u201cla sanci\u00f3n del proyecto de ley que establece modificaciones al r\u00e9gimen de movilidad previsional no constituye un acto maduro y responsable: se establecen gastos exorbitantes sin su correspondiente partida presupuestaria. Se trata de un gasto que, por su efecto acumulativo, se incrementar\u00eda a\u00f1o tras a\u00f1o, condenando al pa\u00eds a m\u00e1s emisi\u00f3n, deuda, inflaci\u00f3n y pobreza\u201d.<\/p>\n<p>\u201cEntre el 2020 y el 2023 las jubilaciones sufrieron una ca\u00edda del 45% en t\u00e9rminos reales. Adem\u00e1s, se redujeron las jubilaciones de quienes hab\u00edan aportado toda su vida, se confiscaron los ahorros de quienes hab\u00edan elegido libremente que sus aportes no fueran administrados por el Estado y fueron incorporados al sistema contributivo millones de personas que no realizaron los aportes correspondiente \u00bfC\u00f3mo no vamos a tener un sistema quebrado?\u201d, se pregunt\u00f3 entonces.<\/p>\n<p>Por el contrario, continu\u00f3 el jefe de Gabinete, \u201cesta gesti\u00f3n estableci\u00f3 aumentos mensuales seg\u00fan el IPC, lo cual permiti\u00f3 una recuperaci\u00f3n del poder de compra de los haberes jubilatorios de casi el 10% en lo que va del a\u00f1o, y de casi el 6% con respecto a noviembre de 2023. Esto refleja la voluntad de este Gobierno de garantizar un sistema de movilidad previsional justo y equitativo, donde los jubilados nunca m\u00e1s pierdan contra la inflaci\u00f3n, evit\u00e1ndoles el flagelo que han padecido en los \u00faltimos 22 a\u00f1os\u201d.<\/p>\n<p>Aclar\u00f3 que \u201cesto se debe hacer con responsabilidad institucional, sin quebrar el equilibrio fiscal ni agravar la deteriorada situaci\u00f3n del Sistema Integrado Previsional Argentino. La administraci\u00f3n de los recursos p\u00fablicos debe llevarse a cabo de manera madura y responsable, alineada con los objetivos p\u00fablicos y los principios de buena administraci\u00f3n, evitando las ilusiones de mejoras sin fundamento\u201d.<\/p>\n<p>\u201cNo hay posibilidad de mejorar el sistema jubilatorio argentino sino es a trav\u00e9s del crecimiento de la econom\u00eda -enfatiz\u00f3 Francos-. Si seguimos con una relaci\u00f3n de trabajadores informales superior a los trabajadores formales del sector privado es impensable mejorar el sistema previsional, impensable crear m\u00e1s puestos de trabajo sino es a partir de la estabilidad, del equilibrio fiscal, de generar confianza y darle libertad a todos los argentinos\u201d.<\/p>\n","protected":false},"excerpt":{"rendered":"<p>Ante la C\u00e1mara de Diputados, el jefe de Gabinete advirti\u00f3 que la sanci\u00f3n de ese proyecto \u201cno constituye un acto maduro y responsable\u201d y asegur\u00f3 que el Gobierno busca que \u201clos jubilados no pierdan nunca m\u00e1s contra la inflaci\u00f3n\u201d &nbsp; &nbsp; En su mensaje inicial, el jefe de Gabinete, Guillermo Francos, se refiri\u00f3 a la Ley de Movilidad Previsional aprobada por el Congreso, que fue vetada por el presidente Javier Milei. Fue sobre el final de su alocuci\u00f3n, cuando advirti\u00f3 que \u201ctodos los que tenemos responsabilidades institucionales debemos actuar de&#8230;<\/p>\n","protected":false},"author":3,"featured_media":119679,"comment_status":"closed","ping_status":"closed","sticky":false,"template":"","format":"standard","meta":[],"categories":[18],"tags":[],"_links":{"self":[{"href":"https:\/\/www.actualidadadiario.com\/index.php\/wp-json\/wp\/v2\/posts\/119678"}],"collection":[{"href":"https:\/\/www.actualidadadiario.com\/index.php\/wp-json\/wp\/v2\/posts"}],"about":[{"href":"https:\/\/www.actualidadadiario.com\/index.php\/wp-json\/wp\/v2\/types\/post"}],"author":[{"embeddable":true,"href":"https:\/\/www.actualidadadiario.com\/index.php\/wp-json\/wp\/v2\/users\/3"}],"replies":[{"embeddable":true,"href":"https:\/\/www.actualidadadiario.com\/index.php\/wp-json\/wp\/v2\/comments?post=119678"}],"version-history":[{"count":1,"href":"https:\/\/www.actualidadadiario.com\/index.php\/wp-json\/wp\/v2\/posts\/119678\/revisions"}],"predecessor-version":[{"id":119680,"href":"https:\/\/www.actualidadadiario.com\/index.php\/wp-json\/wp\/v2\/posts\/119678\/revisions\/119680"}],"wp:featuredmedia":[{"embeddable":true,"href":"https:\/\/www.actualidadadiario.com\/index.php\/wp-json\/wp\/v2\/media\/119679"}],"wp:attachment":[{"href":"https:\/\/www.actualidadadiario.com\/index.php\/wp-json\/wp\/v2\/media?parent=119678"}],"wp:term":[{"taxonomy":"category","embeddable":true,"href":"https:\/\/www.actualidadadiario.com\/index.php\/wp-json\/wp\/v2\/categories?post=119678"},{"taxonomy":"post_tag","embeddable":true,"href":"https:\/\/www.actualidadadiario.com\/index.php\/wp-json\/wp\/v2\/tags?post=119678"}],"curies":[{"name":"wp","href":"https:\/\/api.w.org\/{rel}","templated":true}]}}