{"id":119673,"date":"2024-09-04T12:24:25","date_gmt":"2024-09-04T15:24:25","guid":{"rendered":"https:\/\/www.actualidadadiario.com\/?p=119673"},"modified":"2024-09-04T12:27:06","modified_gmt":"2024-09-04T15:27:06","slug":"francos-en-diputados-cuando-asumimos-nos-encontramos-con-una-bomba-de-tiempo","status":"publish","type":"post","link":"https:\/\/www.actualidadadiario.com\/index.php\/2024\/09\/04\/francos-en-diputados-cuando-asumimos-nos-encontramos-con-una-bomba-de-tiempo\/","title":{"rendered":"Francos en Diputados: &#8220;Cuando asumimos nos encontramos con una bomba de tiempo&#8221;"},"content":{"rendered":"<p style=\"text-align: center;\"><em><strong>Guillermo Francos se presenta por primera vez en el recinto en su rol de jefe de Gabinete del gobierno de Javier Milei<\/strong><\/em><\/p>\n<p>&nbsp;<\/p>\n<p>&nbsp;<\/p>\n<p>Con 134 diputados presentes en el recinto para dar qu\u00f3rum, el jefe de Gabinete Guillermo Francos inici\u00f3 su exposici\u00f3n en la C\u00e1mara baja con una primera lectura sobre la herencia recibida del gobierno de Alberto Fern\u00e1ndez y algunos n\u00fameros positivos de la administraci\u00f3n de Javier Milei.<\/p>\n<p>All\u00ed record\u00f3 que &#8220;durante la campa\u00f1a el presidente sostuvo su intenci\u00f3n de luchar fuertemente contra el gasto del Estado y buscar el equilibrio fiscal y luchar contra la inseguridad&#8221; y entre los puntos m\u00e1s dif\u00edciles se\u00f1al\u00f3 que &#8220;ten\u00edamos una inflaci\u00f3n minorista que se mov\u00eda con un alza del 1% diario. Un desequilibrio fiscal a nivel del Tesoro de 5 puntos del PBI, y a nivel del Banco Central de 10 puntos del PBI&#8221;, entre otras cifras.<\/p>\n<p>Tambi\u00e9n cit\u00f3 que &#8220;registr\u00e1bamos una deuda por 20.000 millones de d\u00f3lares cuyos pasivos remunerados los tenedores pod\u00edan ejecutar al d\u00eda siguiente; un vencimiento de deuda de ocho mil millones de d\u00f3lares a los 10 d\u00edas siguientes a la asunci\u00f3n; deudas con importadores por cuarenta y dos mil seiscientos millones de d\u00f3lares y deuda flotante de la Administraci\u00f3n p\u00fablica nacional por el equivalente a nueve mil millones de d\u00f3lares&#8221;.<\/p>\n<p>Seg\u00fan dijo, &#8220;estos n\u00fameros son el correlato de un Estado elefanti\u00e1sico, ineficiente y corrupto, que prestaba servicios de muy mala calidad a la ciudadan\u00eda y garantizaba negocios para unos pocos a costa de todos los argentinos de bien&#8221;.<\/p>\n<p>Guillermo Francos se presenta este mi\u00e9rcoles por primera vez en su rol de Jefe de Gabinete en la C\u00e1mara de Diputados, para brindar un informe de gesti\u00f3n y repasar los principales ejes del Gobierno de Javier Milei.<\/p>\n<p>La exposici\u00f3n en el recinto se produce en un contexto de suma tensi\u00f3n debido a las \u00faltimas resoluciones del Ejecutivo en materia de jubilaciones, acceso a informaci\u00f3n p\u00fablica y millonarios fondos reservados a la Secretar\u00eda de Inteligencia del Estado (SIDE), ejes muy cuestionados por la oposici\u00f3n como por organizaciones civiles.<\/p>\n<p>Francos ya brind\u00f3 respuestas a las 2.135 preguntas formuladas por los diputados de las diferentes bancadas previamente.<\/p>\n","protected":false},"excerpt":{"rendered":"<p>Guillermo Francos se presenta por primera vez en el recinto en su rol de jefe de Gabinete del gobierno de Javier Milei &nbsp; &nbsp; Con 134 diputados presentes en el recinto para dar qu\u00f3rum, el jefe de Gabinete Guillermo Francos inici\u00f3 su exposici\u00f3n en la C\u00e1mara baja con una primera lectura sobre la herencia recibida del gobierno de Alberto Fern\u00e1ndez y algunos n\u00fameros positivos de la administraci\u00f3n de Javier Milei. All\u00ed record\u00f3 que &#8220;durante la campa\u00f1a el presidente sostuvo su intenci\u00f3n de luchar fuertemente contra el gasto del Estado y&#8230;<\/p>\n","protected":false},"author":3,"featured_media":119677,"comment_status":"closed","ping_status":"closed","sticky":false,"template":"","format":"standard","meta":[],"categories":[18],"tags":[],"_links":{"self":[{"href":"https:\/\/www.actualidadadiario.com\/index.php\/wp-json\/wp\/v2\/posts\/119673"}],"collection":[{"href":"https:\/\/www.actualidadadiario.com\/index.php\/wp-json\/wp\/v2\/posts"}],"about":[{"href":"https:\/\/www.actualidadadiario.com\/index.php\/wp-json\/wp\/v2\/types\/post"}],"author":[{"embeddable":true,"href":"https:\/\/www.actualidadadiario.com\/index.php\/wp-json\/wp\/v2\/users\/3"}],"replies":[{"embeddable":true,"href":"https:\/\/www.actualidadadiario.com\/index.php\/wp-json\/wp\/v2\/comments?post=119673"}],"version-history":[{"count":1,"href":"https:\/\/www.actualidadadiario.com\/index.php\/wp-json\/wp\/v2\/posts\/119673\/revisions"}],"predecessor-version":[{"id":119675,"href":"https:\/\/www.actualidadadiario.com\/index.php\/wp-json\/wp\/v2\/posts\/119673\/revisions\/119675"}],"wp:featuredmedia":[{"embeddable":true,"href":"https:\/\/www.actualidadadiario.com\/index.php\/wp-json\/wp\/v2\/media\/119677"}],"wp:attachment":[{"href":"https:\/\/www.actualidadadiario.com\/index.php\/wp-json\/wp\/v2\/media?parent=119673"}],"wp:term":[{"taxonomy":"category","embeddable":true,"href":"https:\/\/www.actualidadadiario.com\/index.php\/wp-json\/wp\/v2\/categories?post=119673"},{"taxonomy":"post_tag","embeddable":true,"href":"https:\/\/www.actualidadadiario.com\/index.php\/wp-json\/wp\/v2\/tags?post=119673"}],"curies":[{"name":"wp","href":"https:\/\/api.w.org\/{rel}","templated":true}]}}