{"id":119653,"date":"2024-09-04T12:05:02","date_gmt":"2024-09-04T15:05:02","guid":{"rendered":"https:\/\/www.actualidadadiario.com\/?p=119653"},"modified":"2024-09-04T12:05:02","modified_gmt":"2024-09-04T15:05:02","slug":"contienen-el-incendio-en-cordoba-hay-un-detenido-y-se-realiza-una-guardia-para-controlar-las-cenizas","status":"publish","type":"post","link":"https:\/\/www.actualidadadiario.com\/index.php\/2024\/09\/04\/contienen-el-incendio-en-cordoba-hay-un-detenido-y-se-realiza-una-guardia-para-controlar-las-cenizas\/","title":{"rendered":"Contienen el incendio en C\u00f3rdoba: hay un detenido y se realiza una guardia para controlar las cenizas"},"content":{"rendered":"<p style=\"text-align: center;\"><em><strong>Los bomberos trabajaron durante toda la noche para sofocar las llamas en la zona de Villa Durazno. Hubo 20 casas afectadas. Se registraron otros focos de fuego en Salta y Mendoza<\/strong><\/em><\/p>\n<p>&nbsp;<\/p>\n<p>&nbsp;<\/p>\n<p>Luego de las m\u00e1s de 12.600 hect\u00e1reas quemadas y un per\u00edmetro \u00edgneo de unos 86 kil\u00f3metros en la localidad de El Durazno, ubicada en el Valle de Calamuchita -y que lleg\u00f3 a expandirse hasta el bosque nativo de Villa Yacanto-, la Secretar\u00eda de Gesti\u00f3n de Riesgo Clim\u00e1tico en C\u00f3rdoba inform\u00f3 que alrededor de 200 bomberos, que trabajaron durante toda la noche, pudieron contener los principales focos de incendio en la zona.<\/p>\n<p>\u201cNo tenemos ning\u00fan incendio activo y est\u00e1n todos los cuarteles alerta. Todav\u00eda seguimos en riesgo extremo por incendios forestales\u201d, inform\u00f3 la Secretar\u00eda, seg\u00fan consign\u00f3 La Voz del Interior. La tarea de extinci\u00f3n se facilit\u00f3 ya que disminuy\u00f3 la temperatura, humedad y viento en la zona.<\/p>\n<p>En las acciones para controlar el fuego interviene el Equipo T\u00e9cnico de Acci\u00f3n de Cat\u00e1strofes (ETAC), el Plan Provincial de Manejo del Fuego, Protecci\u00f3n Civi sumado a la asistencia a\u00e9rea de aviones hidrantes de la provincia y los helic\u00f3pteros del Plan Federal.<\/p>\n<p>Unas 20 viviendas fueron alcanzadas por el fuego seg\u00fan inform\u00f3 Paula Bruera, la fiscal de R\u00edo Tercero a cargo en la investigaci\u00f3n del origen del siniestro. Tambi\u00e9n fueron alcanzados algunos autom\u00f3viles por las llamas.\u201d Hay algunas que se han quemado totalmente y otras un poco\u201d, agreg\u00f3. No obstante, plante\u00f3 que la cifra podr\u00eda haber sido mayor, pero que gracias al trabajo que se realiz\u00f3 durante la madrugada del martes, cientos de domicilios fueron salvados del fuego.<\/p>\n<p>El pron\u00f3stico de Schreiner acerca del trabajo de los bomberos, fue tal cual anticip\u00f3 ayer: \u201cCreemos que si hoy trabajamos toda la noche y ma\u00f1ana (por hoy, mi\u00e9rcoles) lo que queda, podr\u00edamos decir que la situaci\u00f3n podr\u00eda ser considerada extinguida\u201d, afirm\u00f3 sobre el avance del operativo.<\/p>\n<p>Respecto de la situaci\u00f3n en la que se encuentran los evacuados, el vocero afirm\u00f3 que hay personas que han decidido de a poco regresar a sus viviendas. \u201cLa gente est\u00e1 asustada porque hay lugares donde no hab\u00eda humo\u201d, indic\u00f3 al agregar que \u00e9ste factor hab\u00eda sido clave para que otros no volvieran a sus casas. \u201cA veces la gente decide no volver porque es complicado para la salud\u201d, mencion\u00f3 al hacer referencia a las complicaciones respiratorias y el ardor en los ojos que podr\u00eda provocar.<\/p>\n<p>&nbsp;<\/p>\n<p><strong>Detuvieron a un anciano de 71 a\u00f1os por el incendio de El Durazno<\/strong><\/p>\n<p>Luego de que se iniciara una investigaci\u00f3n para dar con el origen del incendio forestal, la Justicia de C\u00f3rdoba orden\u00f3 que un jubilado de 71 a\u00f1os fuera detenido e imputado como presunto responsable del delito de \u201cincendio culposo agravado\u201d. Se analizar\u00e1 si todo comenz\u00f3 a ra\u00edz de una chispa o ceniza que habr\u00eda salido de su estufa y, en caso de ser encontrado culpable, el hombre podr\u00eda enfrentar una pena de hasta 5 a\u00f1os de prisi\u00f3n.<\/p>\n<p>La pesquisa ser\u00e1 comandada por la fiscal de Instrucci\u00f3n de R\u00edo Tercero, Paula del Lujan Bruera, quien orden\u00f3 una serie de allanamientos y peritajes en el celular del sospechoso, a quien se accedi\u00f3 luego de controlar la zona cero del incendio, ubicada en Altos del Durazno. Con este material se buscar\u00e1 terminar de probar si se trat\u00f3 de un hecho causado por negligencia o de forma accidental, y no de un incendio intencional, seg\u00fan explicaron.<\/p>\n<p>\u201cEl 95% de los incendios est\u00e1 la mano del hombre y esta mano del hombre que puede ser intencional o accidental\u201d, evalu\u00f3 el vocero de la Secretar\u00eda de Gesti\u00f3n de Riesgo al se\u00f1alar que los indicios que pudieran se\u00f1alar que se habr\u00eda tratado de un incendio por negligencia ser\u00e1n claves para definir la condena. \u201cLa negligencia es cuando uno saca las brasas del asador y las saca para que se enfr\u00eden y resulta que hab\u00eda una brasa y el viento hizo lo dem\u00e1s\u201d, explic\u00f3 al indicar que ser\u00e1 trabajo de los investigadores definir lo ocurrido.<\/p>\n<p>Por el momento, el jubilado permanecer\u00e1 detenido hasta el viernes, cuando ser\u00e1 citado a declarar por primera vez ante la fiscal. Seg\u00fan informaron las fuentes policiales, la investigadora est\u00e1 a la espera de recibir los resultados de los peritajes y los allanamientos para poder indagarlo con mayor precisi\u00f3n. \u201cPuso en peligro la vida de muchas personas\u201d, apuntaron.<\/p>\n<p>&nbsp;<\/p>\n<p><strong>Incendio forestal en Salta: advirtieron que el fuego podr\u00eda consumir las casas m\u00e1s cercanas<\/strong><\/p>\n<p>Cerca de las 15 horas del martes, denunciaron el comienzo de otro foco en los cerros de la localidad de Vaqueros. El origen habr\u00eda ocurrido en el cerro Varnet, pero con el paso de las horas se propag\u00f3 hacia la ruta provincial 11, la ruta nacional 9 y hasta el cerro San Jos\u00e9.<\/p>\n<p>De acuerdo a la informaci\u00f3n publicada por El Tribuno, el fuerte viento que se desarroll\u00f3 en la regi\u00f3n complic\u00f3 la situaci\u00f3n para los bomberos voluntarios, los Bomberos de la Polic\u00eda y de la Brigada Solidaria que fueron convocados para llevar a cabo el procedimiento.<\/p>\n<p>\u201cEstuvimos trabajando aqu\u00ed desde las 10 de la ma\u00f1ana, ahora el fuego est\u00e1 controlado\u201d, inform\u00f3 el comisario mayor Dar\u00edo Guzm\u00e1n al repasar que el siniestro \u201cse inici\u00f3 en el otro lado del cerro, agarr\u00f3 la cima y fue bajando\u201d. Incluso, las llamas llegaron hasta una distancia de 300 metros de las casas de la zona, pero que confirm\u00f3 que los da\u00f1os solo se produjeron en el suelo.<\/p>\n<p>A ra\u00edz de esto, las autoridades provinciales y municipales pidieron a los vecinos que denunciaran al n\u00famero 105 cualquier otro foco \u00edgneo que pudieran detectar en la zona. Al mismo tiempo, se esperar\u00eda que los incendios fueran contenidos en las pr\u00f3ximas horas, debido a que la alerta por vientos en la zona ya no continuar\u00e1 activa durante el mi\u00e9rcoles.<\/p>\n<p>&nbsp;<\/p>\n<p><strong>Ocho personas fueron intoxicadas por el humo de los incendios en Mendoza<\/strong><\/p>\n<p>Otra de las zonas que present\u00f3 complicaciones con los incendios se trat\u00f3 de la localidad de Guaymall\u00e9n, en donde el paso del viento Zonda contribuy\u00f3 a que se originara un incendio en la zona de Los Corralitos. Seg\u00fan El Nueve, el siniestro comenz\u00f3 a las 15 horas del lunes en un terreno bald\u00edo ubicado en Mariani y Buenos Vecinos, en donde unos hombres realizaban trabajos de jardiner\u00eda y el viento provoc\u00f3 que la quema se saliera de control.<\/p>\n<p>A pesar de que los vecinos del lugar intentaron frenar las llamas por medio del uso de mangueras y baldes, el fuego alcanz\u00f3 un galp\u00f3n de empaque que se encontraba cerca del terreno. Finalmente, la gran cantidad de humo afect\u00f3 a ocho personas que resultaron intoxicadas y tuvieron que ser trasladadas al microhospital de Puente de Hierro.<\/p>\n<p>Afortunadamente, el incendio fue sofocado dos horas m\u00e1s tarde, luego de que el personal del Cuartel Central de Bomberos, los bomberos voluntarios de Guaymall\u00e9n, Godoy Cruz, Lavalle y Luj\u00e1n de Cuyo se presentaran en la zona para brindar servicios. Los mayores da\u00f1os fueron materiales, m\u00e1s no hubo herido de gravedad.<\/p>\n","protected":false},"excerpt":{"rendered":"<p>Los bomberos trabajaron durante toda la noche para sofocar las llamas en la zona de Villa Durazno. Hubo 20 casas afectadas. Se registraron otros focos de fuego en Salta y Mendoza &nbsp; &nbsp; Luego de las m\u00e1s de 12.600 hect\u00e1reas quemadas y un per\u00edmetro \u00edgneo de unos 86 kil\u00f3metros en la localidad de El Durazno, ubicada en el Valle de Calamuchita -y que lleg\u00f3 a expandirse hasta el bosque nativo de Villa Yacanto-, la Secretar\u00eda de Gesti\u00f3n de Riesgo Clim\u00e1tico en C\u00f3rdoba inform\u00f3 que alrededor de 200 bomberos, que trabajaron&#8230;<\/p>\n","protected":false},"author":3,"featured_media":119654,"comment_status":"closed","ping_status":"closed","sticky":false,"template":"","format":"standard","meta":[],"categories":[2],"tags":[],"_links":{"self":[{"href":"https:\/\/www.actualidadadiario.com\/index.php\/wp-json\/wp\/v2\/posts\/119653"}],"collection":[{"href":"https:\/\/www.actualidadadiario.com\/index.php\/wp-json\/wp\/v2\/posts"}],"about":[{"href":"https:\/\/www.actualidadadiario.com\/index.php\/wp-json\/wp\/v2\/types\/post"}],"author":[{"embeddable":true,"href":"https:\/\/www.actualidadadiario.com\/index.php\/wp-json\/wp\/v2\/users\/3"}],"replies":[{"embeddable":true,"href":"https:\/\/www.actualidadadiario.com\/index.php\/wp-json\/wp\/v2\/comments?post=119653"}],"version-history":[{"count":1,"href":"https:\/\/www.actualidadadiario.com\/index.php\/wp-json\/wp\/v2\/posts\/119653\/revisions"}],"predecessor-version":[{"id":119655,"href":"https:\/\/www.actualidadadiario.com\/index.php\/wp-json\/wp\/v2\/posts\/119653\/revisions\/119655"}],"wp:featuredmedia":[{"embeddable":true,"href":"https:\/\/www.actualidadadiario.com\/index.php\/wp-json\/wp\/v2\/media\/119654"}],"wp:attachment":[{"href":"https:\/\/www.actualidadadiario.com\/index.php\/wp-json\/wp\/v2\/media?parent=119653"}],"wp:term":[{"taxonomy":"category","embeddable":true,"href":"https:\/\/www.actualidadadiario.com\/index.php\/wp-json\/wp\/v2\/categories?post=119653"},{"taxonomy":"post_tag","embeddable":true,"href":"https:\/\/www.actualidadadiario.com\/index.php\/wp-json\/wp\/v2\/tags?post=119653"}],"curies":[{"name":"wp","href":"https:\/\/api.w.org\/{rel}","templated":true}]}}