{"id":119644,"date":"2024-09-04T12:00:42","date_gmt":"2024-09-04T15:00:42","guid":{"rendered":"https:\/\/www.actualidadadiario.com\/?p=119644"},"modified":"2024-09-04T12:00:42","modified_gmt":"2024-09-04T15:00:42","slug":"sueldos-universitarios-argentina-es-la-que-menos-paga-en-america-latina","status":"publish","type":"post","link":"https:\/\/www.actualidadadiario.com\/index.php\/2024\/09\/04\/sueldos-universitarios-argentina-es-la-que-menos-paga-en-america-latina\/","title":{"rendered":"Sueldos universitarios: Argentina es la que menos paga en Am\u00e9rica Latina"},"content":{"rendered":"<p style=\"text-align: center;\"><em><strong>Los docentes de educaci\u00f3n superior y los investigadores del sistema cient\u00edfico de Argentina volvieron a tener una semana repleta de movilizaci\u00f3n y protestas<\/strong><\/em><\/p>\n<p>&nbsp;<\/p>\n<p>&nbsp;<\/p>\n<p>Esto fue porque coincidieron, en los \u00faltimos d\u00edas, la publicaci\u00f3n de un relevamiento oficial que da cuenta de los sueldos que cobran los profesores universitarios por diversos cargos y su comparaci\u00f3n con sus pares equivalentes de otros pa\u00edses. Pero no ya del primer mundo: las remuneraciones de los profesores locales quedaron \u00faltimas en un listado comparativo con once pa\u00edses de Am\u00e9rica Latina.<\/p>\n<p>Seg\u00fan el informe \u201cEmergencia salarial de los trabajadores universitarios\u201d, m\u00e1s del 85% de los docentes universitarios argentinos cobra emolumentos por debajo de la l\u00ednea de pobreza, al igual que ocurre con el 60% de los puestos de no docentes.<\/p>\n<p>Seg\u00fan este \u00edndice comparativo, un profesor titular \u2013con dedicaci\u00f3n exclusiva\u2013 gana en nuestro pa\u00eds el equivalente a US$ 1.124 al mes. En Brasil, su par gana US$ 4.231. En el medio de estos extremos hay una decena de naciones que pagan m\u00e1s que Argentina, incluyendo Uruguay, M\u00e9xico y Per\u00fa. El puesto 10 lo ocupa Colombia, con sueldos de US$ 1.703 mensuales.<\/p>\n<p>Las cifras que apuntalan esta tendencia se acumulan: por ejemplo, desde las universidades alertan que el 87% de los docentes, con diez a\u00f1os de antig\u00fcedad en su cargo, cobra un salario que tambi\u00e9n est\u00e1 por debajo de la l\u00ednea de pobreza, al igual que el 63% del personal no docente.<\/p>\n<p>Estos \u00faltimos reciben entre 600 mil y 800 mil pesos al mes. \u201cIncluso, si se compara con otros trabajadores del sector privado, estatal o no registrados, los salarios de quienes integran las universidades siguen quedando por debajo\u201d, revela el informe.<\/p>\n<p>En el trabajo se repasa el dato de que hasta junio pasado no hubo novedades sobre recomposici\u00f3n salarial, actualizaci\u00f3n de becas, ni aumento del presupuesto para ciencia o para obras de infraestructura. Debido a esto, el segundo cuatrimestre de cursadas ya tuvo que afrontar dos paros de nivel nacional.<\/p>\n<p>&nbsp;<\/p>\n<p><strong>Conicet<\/strong><\/p>\n<p>Por su parte, ayer un nutrido grupo de investigadores de diversas \u00e1reas cient\u00edficas se dieron cita en sus lugares de trabajo para entregar un petitorio a las autoridades donde se exige la defensa del desarrollo cient\u00edfico y tecnol\u00f3gico y el regreso de la financiaci\u00f3n de proyectos.<\/p>\n<p>La marcha, que en CABA se concentr\u00f3 en el Polo Cient\u00edfico de Palermo, fue convocada bajo la consigna \u201cCiencia argentina en peligro de extinci\u00f3n\u201d, por la Red de Autoridades de Institutos de Ciencia y Tecnolog\u00eda (Raicyt). Tambi\u00e9n se repiti\u00f3 en otros institutos de investigaci\u00f3n del interior del pa\u00eds.<\/p>\n<p>A esto se le agrega otro problema que destac\u00f3 Daniel Filmus, exresponsable del \u00e1rea cient\u00edfica.<\/p>\n<p>Seg\u00fan este experto, \u201cde acuerdo a los datos del Indec en los \u00faltimos tiempos el sector cient\u00edfico local perdi\u00f3 alrededor de 2500 puestos de trabajo especializados. De ellos 1339 fueron cargos del Conicet. Pero la Agencia de Investigaci\u00f3n y Desarrollo perdi\u00f3 el 32% de su plantel y el Banco Nacional de datos gen\u00e9ticos dio de baja al 21% de su personal, entre otros espacios afectados\u201d.<\/p>\n","protected":false},"excerpt":{"rendered":"<p>Los docentes de educaci\u00f3n superior y los investigadores del sistema cient\u00edfico de Argentina volvieron a tener una semana repleta de movilizaci\u00f3n y protestas &nbsp; &nbsp; Esto fue porque coincidieron, en los \u00faltimos d\u00edas, la publicaci\u00f3n de un relevamiento oficial que da cuenta de los sueldos que cobran los profesores universitarios por diversos cargos y su comparaci\u00f3n con sus pares equivalentes de otros pa\u00edses. Pero no ya del primer mundo: las remuneraciones de los profesores locales quedaron \u00faltimas en un listado comparativo con once pa\u00edses de Am\u00e9rica Latina. Seg\u00fan el informe&#8230;<\/p>\n","protected":false},"author":3,"featured_media":118286,"comment_status":"closed","ping_status":"closed","sticky":false,"template":"","format":"standard","meta":[],"categories":[9],"tags":[],"_links":{"self":[{"href":"https:\/\/www.actualidadadiario.com\/index.php\/wp-json\/wp\/v2\/posts\/119644"}],"collection":[{"href":"https:\/\/www.actualidadadiario.com\/index.php\/wp-json\/wp\/v2\/posts"}],"about":[{"href":"https:\/\/www.actualidadadiario.com\/index.php\/wp-json\/wp\/v2\/types\/post"}],"author":[{"embeddable":true,"href":"https:\/\/www.actualidadadiario.com\/index.php\/wp-json\/wp\/v2\/users\/3"}],"replies":[{"embeddable":true,"href":"https:\/\/www.actualidadadiario.com\/index.php\/wp-json\/wp\/v2\/comments?post=119644"}],"version-history":[{"count":1,"href":"https:\/\/www.actualidadadiario.com\/index.php\/wp-json\/wp\/v2\/posts\/119644\/revisions"}],"predecessor-version":[{"id":119645,"href":"https:\/\/www.actualidadadiario.com\/index.php\/wp-json\/wp\/v2\/posts\/119644\/revisions\/119645"}],"wp:featuredmedia":[{"embeddable":true,"href":"https:\/\/www.actualidadadiario.com\/index.php\/wp-json\/wp\/v2\/media\/118286"}],"wp:attachment":[{"href":"https:\/\/www.actualidadadiario.com\/index.php\/wp-json\/wp\/v2\/media?parent=119644"}],"wp:term":[{"taxonomy":"category","embeddable":true,"href":"https:\/\/www.actualidadadiario.com\/index.php\/wp-json\/wp\/v2\/categories?post=119644"},{"taxonomy":"post_tag","embeddable":true,"href":"https:\/\/www.actualidadadiario.com\/index.php\/wp-json\/wp\/v2\/tags?post=119644"}],"curies":[{"name":"wp","href":"https:\/\/api.w.org\/{rel}","templated":true}]}}