{"id":119638,"date":"2024-09-04T10:48:22","date_gmt":"2024-09-04T13:48:22","guid":{"rendered":"https:\/\/www.actualidadadiario.com\/?p=119638"},"modified":"2024-09-04T10:48:22","modified_gmt":"2024-09-04T13:48:22","slug":"agmer-convoco-a-una-jornada-de-lucha-provincial-el-jueves","status":"publish","type":"post","link":"https:\/\/www.actualidadadiario.com\/index.php\/2024\/09\/04\/agmer-convoco-a-una-jornada-de-lucha-provincial-el-jueves\/","title":{"rendered":"Agmer convoc\u00f3 a una jornada de lucha provincial el jueves"},"content":{"rendered":"<p style=\"text-align: center;\"><em><strong>La Comisi\u00f3n Directiva Central de la Asociaci\u00f3n Gremial del Magisterio de Entre R\u00edos (Agmer) convoc\u00f3 a la realizaci\u00f3n de acciones en todos los departamentos el jueves 5 de septiembre, bajo la consigna \u201cPodr\u00e1n conciliarnos, pero callarnos jam\u00e1s\u201d. En Paran\u00e1 habr\u00e1 una concentraci\u00f3n y volanteada en la Plaza 1\u00b0 de Mayo a las 18:30<\/strong><\/em><\/p>\n<p>&nbsp;<\/p>\n<p>&nbsp;<\/p>\n<p>La jornada se desarrollar\u00e1 en cada lugar \u201ccon su impronta y en los horarios que m\u00e1s convenga a los territorios\u201d, se precis\u00f3.<\/p>\n<p>En ese marco, la Seccional Paran\u00e1 convoca a una concentraci\u00f3n y volanteada en Plaza 1\u00b0 de Mayo a las 18:30. \u201cSigamos visibilizando la realidad docente y la urgencia de una propuesta salarial que nos saque de la pobreza y la indigencia\u201d, se remarc\u00f3 desde Agmer Paran\u00e1.<\/p>\n","protected":false},"excerpt":{"rendered":"<p>La Comisi\u00f3n Directiva Central de la Asociaci\u00f3n Gremial del Magisterio de Entre R\u00edos (Agmer) convoc\u00f3 a la realizaci\u00f3n de acciones en todos los departamentos el jueves 5 de septiembre, bajo la consigna \u201cPodr\u00e1n conciliarnos, pero callarnos jam\u00e1s\u201d. En Paran\u00e1 habr\u00e1 una concentraci\u00f3n y volanteada en la Plaza 1\u00b0 de Mayo a las 18:30 &nbsp; &nbsp; La jornada se desarrollar\u00e1 en cada lugar \u201ccon su impronta y en los horarios que m\u00e1s convenga a los territorios\u201d, se precis\u00f3. En ese marco, la Seccional Paran\u00e1 convoca a una concentraci\u00f3n y volanteada en&#8230;<\/p>\n","protected":false},"author":3,"featured_media":42284,"comment_status":"closed","ping_status":"closed","sticky":false,"template":"","format":"standard","meta":[],"categories":[15],"tags":[],"_links":{"self":[{"href":"https:\/\/www.actualidadadiario.com\/index.php\/wp-json\/wp\/v2\/posts\/119638"}],"collection":[{"href":"https:\/\/www.actualidadadiario.com\/index.php\/wp-json\/wp\/v2\/posts"}],"about":[{"href":"https:\/\/www.actualidadadiario.com\/index.php\/wp-json\/wp\/v2\/types\/post"}],"author":[{"embeddable":true,"href":"https:\/\/www.actualidadadiario.com\/index.php\/wp-json\/wp\/v2\/users\/3"}],"replies":[{"embeddable":true,"href":"https:\/\/www.actualidadadiario.com\/index.php\/wp-json\/wp\/v2\/comments?post=119638"}],"version-history":[{"count":1,"href":"https:\/\/www.actualidadadiario.com\/index.php\/wp-json\/wp\/v2\/posts\/119638\/revisions"}],"predecessor-version":[{"id":119639,"href":"https:\/\/www.actualidadadiario.com\/index.php\/wp-json\/wp\/v2\/posts\/119638\/revisions\/119639"}],"wp:featuredmedia":[{"embeddable":true,"href":"https:\/\/www.actualidadadiario.com\/index.php\/wp-json\/wp\/v2\/media\/42284"}],"wp:attachment":[{"href":"https:\/\/www.actualidadadiario.com\/index.php\/wp-json\/wp\/v2\/media?parent=119638"}],"wp:term":[{"taxonomy":"category","embeddable":true,"href":"https:\/\/www.actualidadadiario.com\/index.php\/wp-json\/wp\/v2\/categories?post=119638"},{"taxonomy":"post_tag","embeddable":true,"href":"https:\/\/www.actualidadadiario.com\/index.php\/wp-json\/wp\/v2\/tags?post=119638"}],"curies":[{"name":"wp","href":"https:\/\/api.w.org\/{rel}","templated":true}]}}