{"id":11962,"date":"2017-05-22T10:11:26","date_gmt":"2017-05-22T13:11:26","guid":{"rendered":"http:\/\/actualidadadiario.com\/site\/?p=11962"},"modified":"2017-05-22T10:11:26","modified_gmt":"2017-05-22T13:11:26","slug":"el-macrismo-dice-que-cristina-no-es-importante-pero-no-paran-de-hablar-de-ella","status":"publish","type":"post","link":"https:\/\/www.actualidadadiario.com\/index.php\/2017\/05\/22\/el-macrismo-dice-que-cristina-no-es-importante-pero-no-paran-de-hablar-de-ella\/","title":{"rendered":"El macrismo dice que Cristina no es importante, pero no paran de hablar de ella"},"content":{"rendered":"<p><em><strong>Cada vez se acerca m\u00e1s la hora del cierre de listas y acuerdos pol\u00edticos de cara a las elecciones. Mientras el Gobierno dice que Cristina no tiene importancia en el debate, no paran de hablar de ella en todas las oportunidades que tienen<\/strong><\/em><\/p>\n<p>&nbsp;<\/p>\n<p>&nbsp;<\/p>\n<p>&nbsp;<\/p>\n<p>La estrategia del macrismo es intentar bajarle la alta aceptaci\u00f3n de Cristina Fern\u00e1ndez en el marco de elecciones. Para eso los funcionarios aseguran que no tiene relevancia su presencia en el escenario electoral, pero por otro lado no para de hablar de ella.<\/p>\n<p>&nbsp;<\/p>\n<p>&#8220;La eventual candidatura de Cristina Kirchner tiene en vilo al peronismo, no a Cambiemos&#8221;. Sostuvo el Ministro del Interior, Rogelio Frigerio. Sin embargo, esa realidad que se inventa medi\u00e1ticamente el Gobierno se da de bruces con los resultados de cualquier encuesta.<\/p>\n<p>&nbsp;<\/p>\n<p>Adem\u00e1s, el oficialismo sabe y conoce que no es la misma elecci\u00f3n con Cristina de candidata o metida en la campa\u00f1a que fuera de ella.<\/p>\n<p>&nbsp;<\/p>\n<p>En el mismo sentido, Marcos Pe\u00f1a afirm\u00f3 d\u00edas atr\u00e1s que la expresi\u00f3n de apoyo a CFK \u201ces minoritaria\u201d.<\/p>\n<p>&nbsp;<\/p>\n<p>Las dudas surgen cuando se analiza la postura de la alianza Cambiemos. Y cabe preguntarse \u00bfSi Cristina es tan intrascendente por qu\u00e9 no paran de hablar de ella?<\/p>\n<p>&nbsp;<\/p>\n<p>Lo que busca el Gobierno es la polarizaci\u00f3n extrema con el kirchnerismo y aquello de \u201cunir a los argentinos\u201d al parecer qued\u00f3 fuera de la agenda. Las razones del enfrentamiento vienen con la demonizaci\u00f3n extrema de quienes apoyan a la ex Presidenta.<\/p>\n<p>&nbsp;<\/p>\n<p>Adem\u00e1s, el macrismo sabe que la figura de Cristina es determinante en cualquier elecci\u00f3n. Por eso no pueden parar de hablar de ella en cada oportunidad que tienen.<\/p>\n","protected":false},"excerpt":{"rendered":"<p>Cada vez se acerca m\u00e1s la hora del cierre de listas y acuerdos pol\u00edticos de cara a las elecciones. Mientras el Gobierno dice que Cristina no tiene importancia en el debate, no paran de hablar de ella en todas las oportunidades que tienen &nbsp; &nbsp; &nbsp; La estrategia del macrismo es intentar bajarle la alta aceptaci\u00f3n de Cristina Fern\u00e1ndez en el marco de elecciones. Para eso los funcionarios aseguran que no tiene relevancia su presencia en el escenario electoral, pero por otro lado no para de hablar de ella. &nbsp;&#8230;<\/p>\n","protected":false},"author":3,"featured_media":11963,"comment_status":"closed","ping_status":"closed","sticky":false,"template":"","format":"standard","meta":[],"categories":[9],"tags":[],"_links":{"self":[{"href":"https:\/\/www.actualidadadiario.com\/index.php\/wp-json\/wp\/v2\/posts\/11962"}],"collection":[{"href":"https:\/\/www.actualidadadiario.com\/index.php\/wp-json\/wp\/v2\/posts"}],"about":[{"href":"https:\/\/www.actualidadadiario.com\/index.php\/wp-json\/wp\/v2\/types\/post"}],"author":[{"embeddable":true,"href":"https:\/\/www.actualidadadiario.com\/index.php\/wp-json\/wp\/v2\/users\/3"}],"replies":[{"embeddable":true,"href":"https:\/\/www.actualidadadiario.com\/index.php\/wp-json\/wp\/v2\/comments?post=11962"}],"version-history":[{"count":1,"href":"https:\/\/www.actualidadadiario.com\/index.php\/wp-json\/wp\/v2\/posts\/11962\/revisions"}],"predecessor-version":[{"id":11964,"href":"https:\/\/www.actualidadadiario.com\/index.php\/wp-json\/wp\/v2\/posts\/11962\/revisions\/11964"}],"wp:featuredmedia":[{"embeddable":true,"href":"https:\/\/www.actualidadadiario.com\/index.php\/wp-json\/wp\/v2\/media\/11963"}],"wp:attachment":[{"href":"https:\/\/www.actualidadadiario.com\/index.php\/wp-json\/wp\/v2\/media?parent=11962"}],"wp:term":[{"taxonomy":"category","embeddable":true,"href":"https:\/\/www.actualidadadiario.com\/index.php\/wp-json\/wp\/v2\/categories?post=11962"},{"taxonomy":"post_tag","embeddable":true,"href":"https:\/\/www.actualidadadiario.com\/index.php\/wp-json\/wp\/v2\/tags?post=11962"}],"curies":[{"name":"wp","href":"https:\/\/api.w.org\/{rel}","templated":true}]}}