{"id":11959,"date":"2017-05-22T10:06:16","date_gmt":"2017-05-22T13:06:16","guid":{"rendered":"http:\/\/actualidadadiario.com\/site\/?p=11959"},"modified":"2017-05-22T10:06:16","modified_gmt":"2017-05-22T13:06:16","slug":"la-comision-interamericana-de-derechos-humanos-sesiona-en-buenos-aires","status":"publish","type":"post","link":"https:\/\/www.actualidadadiario.com\/index.php\/2017\/05\/22\/la-comision-interamericana-de-derechos-humanos-sesiona-en-buenos-aires\/","title":{"rendered":"La Comisi\u00f3n Interamericana de Derechos Humanos sesiona en Buenos Aires"},"content":{"rendered":"<p><em><strong>Ser\u00e1 la primera vez que lo hacen en Argentina<\/strong><\/em><\/p>\n<p>&nbsp;<\/p>\n<p>&nbsp;<\/p>\n<p>&nbsp;<\/p>\n<p>&nbsp;<\/p>\n<p>La Comisi\u00f3n Interamericana de Derechos Humanos (CIDH) abrir\u00e1 hoy su 162 per\u00edodo de sesiones extraordinarias en Buenos Aires, por primera vez en Argentina, y la apertura estar\u00e1 a cargo del presidente, comisionado Francisco Eguiguren, del vicecanciller Pedro Villagra Delgado, y del ministro de Justicia y Derechos Humanos, Germ\u00e1n Garavano.<\/p>\n<p>&nbsp;<\/p>\n<p>La apertura tendr\u00e1 lugar a las 10.30 en el hotel Sheraton (San Mart\u00edn 1225), donde el organismo sesionar\u00e1 hasta el viernes, y comenzar\u00e1 con las palabras de agradecimiento de Eguiguren a la Argentina por la invitaci\u00f3n a sesionar en su territorio.<\/p>\n<p>&nbsp;<\/p>\n<p>Desde 2014, la CIDH realiza sus sesiones extraordinarias fuera de su sede de Washington, modalidad que comenz\u00f3 a utilizar en los \u00faltimos cuatro a\u00f1os, debido a la crisis financiera que afecta al organismo, debido a la falta de aportes de sus estados miembros.<\/p>\n<p>&nbsp;<\/p>\n<p>El Estado argentino invit\u00f3 a la CIDH a realizar este per\u00edodo de sesiones en Buenos Aires, donde se desarrollar\u00e1 un amplio temario centrado en el resto de los pa\u00edses del Cono Sur, que no incluir\u00e1 ninguna problem\u00e1tica relacionada con Argentina, para que no exista conflicto de intereses.<\/p>\n<p>&nbsp;<\/p>\n<p>Seg\u00fan la pr\u00e1ctica de la CIDH, cuando el organismo realiza un per\u00edodo extraordinario de sesiones fuera de su sede se abstiene de realizar audiencias y hacer declaraciones sobre temas locales.<\/p>\n<p>&nbsp;<\/p>\n<p>Participan de las sesiones, adem\u00e1s del presidente del CIDH, tambi\u00e9n relator para Argentina, Francisco Eguiguren, el secretario ejecutivo Paulo Abr\u00e3o, y parte del equipo t\u00e9cnico de la secretar\u00eda ejecutiva, que llegaron a la Argentina entre el mi\u00e9rcoles y el jueves.<\/p>\n<p>&nbsp;<\/p>\n<p>Los temas que se abordar\u00e1n durante estas sesiones est\u00e1n relacionados con problem\u00e1ticas en Brasil, Paraguay, Uruguay, Chile, Bolivia y Per\u00fa, como \u201cderechos humanos, encarcelamiento y pol\u00edticas de drogas en Brasil; independencia judicial en Uruguay; protesta y derechos humanos en Paraguay; e institucionalidad de pueblos ind\u00edgenas y afrodescendientes en Per\u00fa\u201d, entre otros.<\/p>\n<p>&nbsp;<\/p>\n<p>Este a\u00f1o, la CIDH tendr\u00e1 tres sesiones extraordinarias, la que se realiza en Argentina; la de Per\u00fa, en julio, y la de M\u00e9xico, en septiembre; y una ordinaria que tendr\u00e1 lugar en Uruguay, donde por tratarse de una sesi\u00f3n ordinaria no rige el principio de que no se abordar\u00e1n temas relacionados con el pa\u00eds anfitri\u00f3n, sino que estar\u00e1n incluidos todos los temas.<\/p>\n<p>&nbsp;<\/p>\n<p>En los \u00faltimos a\u00f1os, la demora de los aportes de sus pa\u00edses miembros llev\u00f3 al organismo a un desfinanciamiento que le imped\u00eda la realizaci\u00f3n de las sesiones en su sede de Washington y, por ese motivo, se convoc\u00f3 a aqu\u00e9llos a invitarlos a sesionar en sus territorios, lo que dio como resultado que el organismo sesionara ya, por ejemplo, en Ciudad de M\u00e9xico, Santiago de Chile, y Panam\u00e1.<\/p>\n<p>&nbsp;<\/p>\n<p>Esta ser\u00e1 la primera vez que el CIDH sesione en Argentina, con la participaci\u00f3n de sus siete comisionados y parte del equipo que funciona dentro de lo que es la Secretar\u00eda Ejecutiva, que es la encargada de presentarles a los comisionados los borradores de sus informes, para que sean analizados.<\/p>\n<p>&nbsp;<\/p>\n<p>Otras ya se realizaron en Ciudad de M\u00e9xico, Santiago de Chile, y Panam\u00e1.<\/p>\n<p>&nbsp;<\/p>\n<p>La CIDH -integrada por 35 miembros, 34 de ellos activos m\u00e1s Cuba, que fue aceptado nuevamente pero no participa- dar\u00e1 su conferencia final el s\u00e1bado 27 a las 11.30 en la ex Esma, que ser\u00e1 abierta a la prensa, en tanto que las sesiones previas se realizar\u00e1n en el Hotel Sheraton.<\/p>\n<p>&nbsp;<\/p>\n<p>Durante la semana, antes de comenzar a sesionar, Eguiguren y Abr\u00e3o se reunieron con el secretario de Derechos Humanos de la Naci\u00f3n, Claudio Avruj; representantes de organizaciones de la Sociedad Civil (OSC), como el Centro de Estudios Legales y Sociales (CELS), Amnist\u00eda Internacional, Unicef, y entidades como Centro de Ex Combatientes Islas Malvinas (Cecim) y Justicia Leg\u00edtima.<\/p>\n<p>&nbsp;<\/p>\n<p>Tambi\u00e9n tuvieron un encuentro informativo en el Congreso de la Naci\u00f3n, convocado por la presidenta de la Comisi\u00f3n de Derechos Humanos en el Congreso, la diputada Victoria Donda, con el colectivo Nacional Mario Bosch, una agrupaci\u00f3n de abogados que trabajan en causas de lesa humanidad.<\/p>\n<p>&nbsp;<\/p>\n<p>En el encuentro con legisladores, Eguiguren, destac\u00f3 la \u201cgran celeridad\u201d con que actu\u00f3 el Congreso nacional para limitar la aplicaci\u00f3n del c\u00f3mputo del 2&#215;1 en casos de lesa humanidad y valor\u00f3 \u201cpositivamente\u201d la reacci\u00f3n de la sociedad civil frente al fallo de la Corte Suprema de Justicia (CSJN) que habilit\u00f3 ese beneficio a un represor.<\/p>\n<p>&nbsp;<\/p>\n<p>Tras conocerse el fallo de la Corte Suprema, la CIDH hab\u00eda expresado en un comunicado su \u201cpreocupaci\u00f3n y consternaci\u00f3n\u201d por la medida y hab\u00eda advertido que el m\u00e1ximo tribunal se \u201caparta de los est\u00e1ndares internacionales en la persecuci\u00f3n de graves violaciones a los derechos humanos\u201d.<\/p>\n","protected":false},"excerpt":{"rendered":"<p>Ser\u00e1 la primera vez que lo hacen en Argentina &nbsp; &nbsp; &nbsp; &nbsp; La Comisi\u00f3n Interamericana de Derechos Humanos (CIDH) abrir\u00e1 hoy su 162 per\u00edodo de sesiones extraordinarias en Buenos Aires, por primera vez en Argentina, y la apertura estar\u00e1 a cargo del presidente, comisionado Francisco Eguiguren, del vicecanciller Pedro Villagra Delgado, y del ministro de Justicia y Derechos Humanos, Germ\u00e1n Garavano. &nbsp; La apertura tendr\u00e1 lugar a las 10.30 en el hotel Sheraton (San Mart\u00edn 1225), donde el organismo sesionar\u00e1 hasta el viernes, y comenzar\u00e1 con las palabras de&#8230;<\/p>\n","protected":false},"author":3,"featured_media":11960,"comment_status":"closed","ping_status":"closed","sticky":false,"template":"","format":"standard","meta":[],"categories":[4],"tags":[],"_links":{"self":[{"href":"https:\/\/www.actualidadadiario.com\/index.php\/wp-json\/wp\/v2\/posts\/11959"}],"collection":[{"href":"https:\/\/www.actualidadadiario.com\/index.php\/wp-json\/wp\/v2\/posts"}],"about":[{"href":"https:\/\/www.actualidadadiario.com\/index.php\/wp-json\/wp\/v2\/types\/post"}],"author":[{"embeddable":true,"href":"https:\/\/www.actualidadadiario.com\/index.php\/wp-json\/wp\/v2\/users\/3"}],"replies":[{"embeddable":true,"href":"https:\/\/www.actualidadadiario.com\/index.php\/wp-json\/wp\/v2\/comments?post=11959"}],"version-history":[{"count":1,"href":"https:\/\/www.actualidadadiario.com\/index.php\/wp-json\/wp\/v2\/posts\/11959\/revisions"}],"predecessor-version":[{"id":11961,"href":"https:\/\/www.actualidadadiario.com\/index.php\/wp-json\/wp\/v2\/posts\/11959\/revisions\/11961"}],"wp:featuredmedia":[{"embeddable":true,"href":"https:\/\/www.actualidadadiario.com\/index.php\/wp-json\/wp\/v2\/media\/11960"}],"wp:attachment":[{"href":"https:\/\/www.actualidadadiario.com\/index.php\/wp-json\/wp\/v2\/media?parent=11959"}],"wp:term":[{"taxonomy":"category","embeddable":true,"href":"https:\/\/www.actualidadadiario.com\/index.php\/wp-json\/wp\/v2\/categories?post=11959"},{"taxonomy":"post_tag","embeddable":true,"href":"https:\/\/www.actualidadadiario.com\/index.php\/wp-json\/wp\/v2\/tags?post=11959"}],"curies":[{"name":"wp","href":"https:\/\/api.w.org\/{rel}","templated":true}]}}