{"id":11956,"date":"2017-05-22T10:05:26","date_gmt":"2017-05-22T13:05:26","guid":{"rendered":"http:\/\/actualidadadiario.com\/site\/?p=11956"},"modified":"2017-05-22T10:05:26","modified_gmt":"2017-05-22T13:05:26","slug":"la-justicia-ordeno-exhumar-restos-en-cementerio-de-la-tablada-para-saber-si-son-los-de-carlitos-menem","status":"publish","type":"post","link":"https:\/\/www.actualidadadiario.com\/index.php\/2017\/05\/22\/la-justicia-ordeno-exhumar-restos-en-cementerio-de-la-tablada-para-saber-si-son-los-de-carlitos-menem\/","title":{"rendered":"La Justicia orden\u00f3 exhumar restos en cementerio de La Tablada para saber si son los de &#8220;Carlitos&#8221; Menem"},"content":{"rendered":"<p><em><strong>La Justicia orden\u00f3 exhumar el 31 de mayo en el cementerio isl\u00e1mico de La Tablada el cad\u00e1ver que est\u00e1 enterrado bajo el nombre de Carlos Menem para verificar si se trata efectivamente del hijo del ex presidente Carlos Menem, fallecido el 15 de mayo de 1995 al caer del helic\u00f3ptero que piloteaba<\/strong><\/em><\/p>\n<p>&nbsp;<\/p>\n<p>&nbsp;<\/p>\n<p>&nbsp;<\/p>\n<p>&nbsp;<\/p>\n<p>&nbsp;<\/p>\n<p>El juez federal de San Nicol\u00e1s Carlos Villafuerte Ruzo confirm\u00f3 que esta semana se van a realizar una serie de diligencias porque &#8220;estamos esperanzados en que el 31 de mayo se pueda hacer la exhumaci\u00f3n, la extracci\u00f3n de muestras en la Morgue Judicial&#8221; para hacer los cotejos de ADN y &#8220;la posterior inhumaci\u00f3n&#8221;.<\/p>\n<p>&nbsp;<\/p>\n<p>El juez resalt\u00f3 que &#8220;nosotros nos hemos mantenido la actuaci\u00f3n anterior&#8221; en donde se sostuvo que se trat\u00f3 de un accidente a\u00e9reo &#8220;a lo que se sumaron especialistas de sumo prestigio internacional de la academia internacional de Medicina, del Cuerpo M\u00e9dico Forense y los peritos de parte que tuvieron una conclusi\u00f3n un\u00e1nime&#8221;.<\/p>\n<p>&nbsp;<\/p>\n<p>Tambi\u00e9n se\u00f1alo que &#8220;posteriormente se realiz\u00f3 una Junta M\u00e9dica en la Facultad de Medicina en donde intervinieron peritos de parte y algunos oficiales y otros m\u00e9dicos de la Facultad de Medicina y se lleg\u00f3 a un acuerdo&#8221;.<\/p>\n<p>&nbsp;<\/p>\n<p>&#8220;Lo que queremos es hacerlo bien esta pericia, en forma coordinada todas las fases de la organizaci\u00f3n. Hay que respetar adem\u00e1s el rito isl\u00e1mico en el Cementerio de La Tablada&#8221;, aclar\u00f3.<\/p>\n<p>&nbsp;<\/p>\n<p>El estudio de ADN sobre los restos del hijo del expresidente Carlos Menem estaba pendiente porque Yoma se opon\u00eda, pero el juez finalmente orden\u00f3 la medida en base a un fallo de la Corte Interamericana de Derechos Humanos (CIDH) que as\u00ed lo dispuso. El objetivo del juez es determinar si los restos coinciden con la identidad del hijo del exmandatario, ya que la madre de Carlos Menem junior, Zulema Yoma, denunci\u00f3 que el cuerpo de su hijo fue profanado y algunos de sus huesos cambiados.<\/p>\n<p>&nbsp;<\/p>\n<p>El hijo de Menem muri\u00f3 el 15 de marzo de 1995 al caer el helic\u00f3ptero que piloteaba a metros de la ruta 9, en jurisdicci\u00f3n del partido bonaerense de Ramallo, junto a su acompa\u00f1ante, el piloto automovil\u00edstico Silvio Oltra, con quien se dirig\u00eda a una carrera de TC 2000 en Rosario.<\/p>\n<p>&nbsp;<\/p>\n<p>Zulema Yoma, y ahora su exesposo, Carlos Menem, sostienen que el siniestro a\u00e9reo en el que muri\u00f3 el hijo de ambos fue un &#8220;atentado&#8221;. La mujer, incluso, asegura que el cad\u00e1ver de su hijo fue profanado y sospecha que el cr\u00e1neo enterrado en el cementerio pertenece a otra persona.<\/p>\n<p>&nbsp;<\/p>\n<p>Villafuerte Ruzo hab\u00eda archivado el expediente por considerar que se trat\u00f3 de un accidente a\u00e9reo pero debi\u00f3 reabrirlo en 2012 por el pedido de la Comisi\u00f3n Interamericana de Derechos Humanos de realizar una nueva autopsia y un nuevo estudio de ADN.<\/p>\n","protected":false},"excerpt":{"rendered":"<p>La Justicia orden\u00f3 exhumar el 31 de mayo en el cementerio isl\u00e1mico de La Tablada el cad\u00e1ver que est\u00e1 enterrado bajo el nombre de Carlos Menem para verificar si se trata efectivamente del hijo del ex presidente Carlos Menem, fallecido el 15 de mayo de 1995 al caer del helic\u00f3ptero que piloteaba &nbsp; &nbsp; &nbsp; &nbsp; &nbsp; El juez federal de San Nicol\u00e1s Carlos Villafuerte Ruzo confirm\u00f3 que esta semana se van a realizar una serie de diligencias porque &#8220;estamos esperanzados en que el 31 de mayo se pueda hacer&#8230;<\/p>\n","protected":false},"author":3,"featured_media":11957,"comment_status":"closed","ping_status":"closed","sticky":false,"template":"","format":"standard","meta":[],"categories":[4],"tags":[],"_links":{"self":[{"href":"https:\/\/www.actualidadadiario.com\/index.php\/wp-json\/wp\/v2\/posts\/11956"}],"collection":[{"href":"https:\/\/www.actualidadadiario.com\/index.php\/wp-json\/wp\/v2\/posts"}],"about":[{"href":"https:\/\/www.actualidadadiario.com\/index.php\/wp-json\/wp\/v2\/types\/post"}],"author":[{"embeddable":true,"href":"https:\/\/www.actualidadadiario.com\/index.php\/wp-json\/wp\/v2\/users\/3"}],"replies":[{"embeddable":true,"href":"https:\/\/www.actualidadadiario.com\/index.php\/wp-json\/wp\/v2\/comments?post=11956"}],"version-history":[{"count":1,"href":"https:\/\/www.actualidadadiario.com\/index.php\/wp-json\/wp\/v2\/posts\/11956\/revisions"}],"predecessor-version":[{"id":11958,"href":"https:\/\/www.actualidadadiario.com\/index.php\/wp-json\/wp\/v2\/posts\/11956\/revisions\/11958"}],"wp:featuredmedia":[{"embeddable":true,"href":"https:\/\/www.actualidadadiario.com\/index.php\/wp-json\/wp\/v2\/media\/11957"}],"wp:attachment":[{"href":"https:\/\/www.actualidadadiario.com\/index.php\/wp-json\/wp\/v2\/media?parent=11956"}],"wp:term":[{"taxonomy":"category","embeddable":true,"href":"https:\/\/www.actualidadadiario.com\/index.php\/wp-json\/wp\/v2\/categories?post=11956"},{"taxonomy":"post_tag","embeddable":true,"href":"https:\/\/www.actualidadadiario.com\/index.php\/wp-json\/wp\/v2\/tags?post=11956"}],"curies":[{"name":"wp","href":"https:\/\/api.w.org\/{rel}","templated":true}]}}