{"id":11950,"date":"2017-05-22T10:03:40","date_gmt":"2017-05-22T13:03:40","guid":{"rendered":"http:\/\/actualidadadiario.com\/site\/?p=11950"},"modified":"2017-05-22T10:03:40","modified_gmt":"2017-05-22T13:03:40","slug":"marcharon-para-exigir-la-renuncia-de-temer-y-nuevas-elecciones","status":"publish","type":"post","link":"https:\/\/www.actualidadadiario.com\/index.php\/2017\/05\/22\/marcharon-para-exigir-la-renuncia-de-temer-y-nuevas-elecciones\/","title":{"rendered":"Marcharon para exigir la renuncia de Temer y nuevas elecciones"},"content":{"rendered":"<p><em><strong>Una multitud se moviliz\u00f3 en Bel\u00e9n, Belo Horizonte, Campo grande, Goiania, Manaos, Natal, R\u00edo de Janeiro, San Lu\u00eds y San Pablo<\/strong><\/em><\/p>\n<p>&nbsp;<\/p>\n<p>&nbsp;<\/p>\n<p>&nbsp;<\/p>\n<p>En R\u00edo, una protesta contra la corrupci\u00f3n organizada por el Movimiento Unificado de los Servidores P\u00fablicos (Muspe) pidi\u00f3 la salida del presidente Michael Temer y tambi\u00e9n del gobernador Luiz Fernando Pez\u00e3o (PMDB).<\/p>\n<p>&nbsp;<\/p>\n<p>Otra manifestaci\u00f3n convocada por el Frente Brasil Popular y el Frente Pueblo Sin Miedo se concentr\u00f3 frente a la estaci\u00f3n de S\u00e3o Conrado, en la Zona Sur, y se desplaz\u00f3 hacia la vivienda del presidente de la C\u00e1mara de Diputados, Rodrigo Maia (DEM-RJ).<\/p>\n<p>&nbsp;<\/p>\n<p>Tambi\u00e9n organizado por centrales sindicales y movimientos sociales, una protesta ocup\u00f3 la Avenida Paulista, en el centro de San Paulo.<\/p>\n<p>&nbsp;<\/p>\n<p>Con la camisa negra en la que se lee &#8220;Fuera, Temer&#8221;, la pareja Carmelo Tocci, de 65 a\u00f1os, y F\u00e1tima Tocci, de 42, dijeron estar &#8220;perplejos&#8221; con la situaci\u00f3n del pa\u00eds y pidieron m\u00e1s inversi\u00f3n en la educaci\u00f3n.<\/p>\n<p>&nbsp;<\/p>\n<p>En Minas Gerais, al menos tres ciudades tuvieron actos p\u00fablicos contra el presidente de la Rep\u00fablica.<\/p>\n<p>&nbsp;<\/p>\n<p>En Belo Horizonte, la Plaza de la Libertad fue el punto de encuentro del Frente Brasil Popular y de la Central \u00danica de los Trabajadores, entre otros movimientos sociales que tambi\u00e9n pidieron gritaron palabras de &#8220;Fuera Temer&#8221;.<\/p>\n<p>&nbsp;<\/p>\n<p>En Juiz de Fora, movimientos estudiantiles y sindicatos hicieron una protesta por la ma\u00f1ana.<\/p>\n<p>&nbsp;<\/p>\n<p>En Uberlandia, manifestantes hicieron un acto contra Temer y por elecciones directas en el centro de la ciudad.<\/p>\n<p>&nbsp;<\/p>\n<p>En Goiania,\u00a0 organizada por la Central \u00danica de los Trabajadores en Goi\u00e1s (CUT-GO), la Central de Trabajadores del Brasil (CTB) y el Frente Brasil Popular (FBP), la marcha se concentr\u00f3 en la Plaza del Trabajador.<\/p>\n<p>&nbsp;<\/p>\n<p>En Campo grande, cientos de personas participaron en una protesta en la Plaza Ary Coelho. En la agenda estaban temas como el combate a la corrupci\u00f3n, el rechazo a las reformas propuestas por el actual gobierno y la salida de Temer.<\/p>\n","protected":false},"excerpt":{"rendered":"<p>Una multitud se moviliz\u00f3 en Bel\u00e9n, Belo Horizonte, Campo grande, Goiania, Manaos, Natal, R\u00edo de Janeiro, San Lu\u00eds y San Pablo &nbsp; &nbsp; &nbsp; En R\u00edo, una protesta contra la corrupci\u00f3n organizada por el Movimiento Unificado de los Servidores P\u00fablicos (Muspe) pidi\u00f3 la salida del presidente Michael Temer y tambi\u00e9n del gobernador Luiz Fernando Pez\u00e3o (PMDB). &nbsp; Otra manifestaci\u00f3n convocada por el Frente Brasil Popular y el Frente Pueblo Sin Miedo se concentr\u00f3 frente a la estaci\u00f3n de S\u00e3o Conrado, en la Zona Sur, y se desplaz\u00f3 hacia la vivienda&#8230;<\/p>\n","protected":false},"author":3,"featured_media":11951,"comment_status":"closed","ping_status":"closed","sticky":false,"template":"","format":"standard","meta":[],"categories":[4],"tags":[],"_links":{"self":[{"href":"https:\/\/www.actualidadadiario.com\/index.php\/wp-json\/wp\/v2\/posts\/11950"}],"collection":[{"href":"https:\/\/www.actualidadadiario.com\/index.php\/wp-json\/wp\/v2\/posts"}],"about":[{"href":"https:\/\/www.actualidadadiario.com\/index.php\/wp-json\/wp\/v2\/types\/post"}],"author":[{"embeddable":true,"href":"https:\/\/www.actualidadadiario.com\/index.php\/wp-json\/wp\/v2\/users\/3"}],"replies":[{"embeddable":true,"href":"https:\/\/www.actualidadadiario.com\/index.php\/wp-json\/wp\/v2\/comments?post=11950"}],"version-history":[{"count":1,"href":"https:\/\/www.actualidadadiario.com\/index.php\/wp-json\/wp\/v2\/posts\/11950\/revisions"}],"predecessor-version":[{"id":11952,"href":"https:\/\/www.actualidadadiario.com\/index.php\/wp-json\/wp\/v2\/posts\/11950\/revisions\/11952"}],"wp:featuredmedia":[{"embeddable":true,"href":"https:\/\/www.actualidadadiario.com\/index.php\/wp-json\/wp\/v2\/media\/11951"}],"wp:attachment":[{"href":"https:\/\/www.actualidadadiario.com\/index.php\/wp-json\/wp\/v2\/media?parent=11950"}],"wp:term":[{"taxonomy":"category","embeddable":true,"href":"https:\/\/www.actualidadadiario.com\/index.php\/wp-json\/wp\/v2\/categories?post=11950"},{"taxonomy":"post_tag","embeddable":true,"href":"https:\/\/www.actualidadadiario.com\/index.php\/wp-json\/wp\/v2\/tags?post=11950"}],"curies":[{"name":"wp","href":"https:\/\/api.w.org\/{rel}","templated":true}]}}