{"id":11944,"date":"2017-05-22T10:02:01","date_gmt":"2017-05-22T13:02:01","guid":{"rendered":"http:\/\/actualidadadiario.com\/site\/?p=11944"},"modified":"2017-05-22T10:02:01","modified_gmt":"2017-05-22T13:02:01","slug":"venezuela-acusaron-a-la-oposicion-de-prender-fuego-a-un-chavista-en-una-marcha","status":"publish","type":"post","link":"https:\/\/www.actualidadadiario.com\/index.php\/2017\/05\/22\/venezuela-acusaron-a-la-oposicion-de-prender-fuego-a-un-chavista-en-una-marcha\/","title":{"rendered":"Venezuela: acusaron a la oposici\u00f3n de prender fuego a un chavista en una marcha"},"content":{"rendered":"<p><em><strong>El presidente Nicol\u00e1s Maduro denunci\u00f3 este domingo que manifestantes golpearon, apu\u00f1alaron y prendieron fuego a un joven durante una protesta la v\u00edspera de la oposici\u00f3n en Caracas, por creer &#8220;que era chavista&#8221;<\/strong><\/em><\/p>\n<p>&nbsp;<\/p>\n<p>&nbsp;<\/p>\n<p>&nbsp;<\/p>\n<p>&nbsp;<\/p>\n<p>&#8220;Nunca hab\u00edamos visto aqu\u00ed que una persona fuera incendiada como hacen terroristas del Estado Isl\u00e1mico&#8221;, denunci\u00f3 Maduro en su programa de televisi\u00f3n semanal, en el que convoc\u00f3 para una marcha &#8220;por la paz&#8221;, el pr\u00f3ximo martes.<\/p>\n<p>&nbsp;<\/p>\n<p>&#8220;Esta persona fue golpeada, la apu\u00f1alaron y casi la linchan, porque uno grit\u00f3 que era chavista, o porque otro grit\u00f3 que lo estaban robando&#8221;, dijo enardecido.<\/p>\n<p>&nbsp;<\/p>\n<p>El hombre, identificado como Orlando Figuera, de 21 a\u00f1os, se encuentra en un hospital del este de la capital con quemaduras de primer y segundo grado &#8220;en 54% de su cuerpo&#8221; y recibi\u00f3 &#8220;seis heridas por arma blanca&#8221;, seg\u00fan el mandatario.<\/p>\n<p>&nbsp;<\/p>\n<p>Maduro, que comparti\u00f3 en transmisi\u00f3n obligatoria de radio y televisi\u00f3n un video del momento en que el hombre fue quemado, asegur\u00f3 que varios de los &#8220;jefes de grupos de mercenarios&#8221; opositores ya est\u00e1 en prisi\u00f3n y pidi\u00f3 &#8220;justicia&#8221; a los poderes del Estado.<\/p>\n<p>&nbsp;<\/p>\n<p>&#8220;No se va a salvar ni uno, hago un llamado a los poderes: a la fiscal general, Luisa Ortega; al defensor, Tarek William Saab (&#8230;); al poder judicial (&#8230;) a que unamos los esfuerzos para que haya justicia&#8221;, agreg\u00f3.<\/p>\n<p>&nbsp;<\/p>\n<p>La Fiscal\u00eda afirm\u00f3 este domingo que ya inici\u00f3 la investigaci\u00f3n sobre lo ocurrido.<\/p>\n<p>&nbsp;<\/p>\n<p>Seg\u00fan Maduro, en la oposici\u00f3n se gesta una &#8220;corriente nazi-fascista&#8221; de persecuci\u00f3n a personas por sus ideales pol\u00edticos, sobre todo chavistas, detr\u00e1s de la cual -asegur\u00f3- est\u00e1 la mano del presidente estadounidense, Donald Trump.<\/p>\n<p>&nbsp;<\/p>\n<p>&#8220;Donald Trump tiene sus manos infectadas y metidas a fondo en esta conspiraci\u00f3n, que tiene como objetivo tomar el control pol\u00edtico de Venezuela (&#8230;) Ponte a resolver los problemas de Estados Unidos, que no te quiere ni tu propio pueblo&#8221;, expres\u00f3.<\/p>\n<p>&nbsp;<\/p>\n<p>M\u00e1s temprano, el ministro de Comunicaci\u00f3n, Ernesto Villegas, denunci\u00f3 en Twitter que los j\u00f3venes de barrios (favelas pobres), contratados seg\u00fan \u00e9l por la oposici\u00f3n para &#8220;guarimbear&#8221; (protestar violentamente), &#8220;se exponen a ser confundidos con infiltrados (que apoyan al gobierno) lo cual puede costarles la vida&#8221;.<\/p>\n<p>&nbsp;<\/p>\n<p>El s\u00e1bado la oposici\u00f3n realiz\u00f3 multitudinarias marchas en Caracas y varios estados para exigir la salida de Maduro del poder por medio de elecciones generales, como lo hace desde que iniciaron las protestas el 1 de abril.<\/p>\n<p>&nbsp;<\/p>\n<p>En Caracas, la manifestaci\u00f3n intent\u00f3 llegar al Ministerio de Interior, en el centro de la ciudad, pero la polic\u00eda la dispers\u00f3 con gases lacrim\u00f3genos y chorros de agua a presi\u00f3n. En el estado Trujillo (oeste), un joven de 23 a\u00f1os muri\u00f3 por un disparo.<\/p>\n<p>&nbsp;<\/p>\n<p>Los opositores exig\u00edan el cese a la &#8220;represi\u00f3n&#8221; contra las protestas, que ya dejan 48 fallecidos, centenares de heridos y m\u00e1s de 2.200 detenidos.<\/p>\n<p>&nbsp;<\/p>\n<p>Maduro propuso a la dirigencia opositora -que no se ha pronunciado sobre el hecho- iniciar una mesa de di\u00e1logo para superar las diferencias. Gobierno y oposici\u00f3n se responsabilizan mutuamente de la violencia en las manifestaciones.<\/p>\n<p>&nbsp;<\/p>\n<p>&#8220;Exijo a la corriente democr\u00e1tica de la oposici\u00f3n que condene estos hechos de violencia e instalemos una mesa de di\u00e1logo por la paz&#8221;, a\u00f1adi\u00f3.<\/p>\n<p>&nbsp;<\/p>\n<p>Gobierno y oposici\u00f3n iniciaron un di\u00e1logo a finales de 2016 del cual los adversarios de Maduro se retiraron al aseguran que el gobierno incumpli\u00f3 lo pactado.<\/p>\n","protected":false},"excerpt":{"rendered":"<p>El presidente Nicol\u00e1s Maduro denunci\u00f3 este domingo que manifestantes golpearon, apu\u00f1alaron y prendieron fuego a un joven durante una protesta la v\u00edspera de la oposici\u00f3n en Caracas, por creer &#8220;que era chavista&#8221; &nbsp; &nbsp; &nbsp; &nbsp; &#8220;Nunca hab\u00edamos visto aqu\u00ed que una persona fuera incendiada como hacen terroristas del Estado Isl\u00e1mico&#8221;, denunci\u00f3 Maduro en su programa de televisi\u00f3n semanal, en el que convoc\u00f3 para una marcha &#8220;por la paz&#8221;, el pr\u00f3ximo martes. &nbsp; &#8220;Esta persona fue golpeada, la apu\u00f1alaron y casi la linchan, porque uno grit\u00f3 que era chavista, o&#8230;<\/p>\n","protected":false},"author":3,"featured_media":11945,"comment_status":"closed","ping_status":"closed","sticky":false,"template":"","format":"standard","meta":[],"categories":[4],"tags":[],"_links":{"self":[{"href":"https:\/\/www.actualidadadiario.com\/index.php\/wp-json\/wp\/v2\/posts\/11944"}],"collection":[{"href":"https:\/\/www.actualidadadiario.com\/index.php\/wp-json\/wp\/v2\/posts"}],"about":[{"href":"https:\/\/www.actualidadadiario.com\/index.php\/wp-json\/wp\/v2\/types\/post"}],"author":[{"embeddable":true,"href":"https:\/\/www.actualidadadiario.com\/index.php\/wp-json\/wp\/v2\/users\/3"}],"replies":[{"embeddable":true,"href":"https:\/\/www.actualidadadiario.com\/index.php\/wp-json\/wp\/v2\/comments?post=11944"}],"version-history":[{"count":1,"href":"https:\/\/www.actualidadadiario.com\/index.php\/wp-json\/wp\/v2\/posts\/11944\/revisions"}],"predecessor-version":[{"id":11946,"href":"https:\/\/www.actualidadadiario.com\/index.php\/wp-json\/wp\/v2\/posts\/11944\/revisions\/11946"}],"wp:featuredmedia":[{"embeddable":true,"href":"https:\/\/www.actualidadadiario.com\/index.php\/wp-json\/wp\/v2\/media\/11945"}],"wp:attachment":[{"href":"https:\/\/www.actualidadadiario.com\/index.php\/wp-json\/wp\/v2\/media?parent=11944"}],"wp:term":[{"taxonomy":"category","embeddable":true,"href":"https:\/\/www.actualidadadiario.com\/index.php\/wp-json\/wp\/v2\/categories?post=11944"},{"taxonomy":"post_tag","embeddable":true,"href":"https:\/\/www.actualidadadiario.com\/index.php\/wp-json\/wp\/v2\/tags?post=11944"}],"curies":[{"name":"wp","href":"https:\/\/api.w.org\/{rel}","templated":true}]}}