{"id":11941,"date":"2017-05-22T09:59:26","date_gmt":"2017-05-22T12:59:26","guid":{"rendered":"http:\/\/actualidadadiario.com\/site\/?p=11941"},"modified":"2017-05-22T09:59:26","modified_gmt":"2017-05-22T12:59:26","slug":"los-90-sin-fin-menem-volvera-a-ser-candidato","status":"publish","type":"post","link":"https:\/\/www.actualidadadiario.com\/index.php\/2017\/05\/22\/los-90-sin-fin-menem-volvera-a-ser-candidato\/","title":{"rendered":"Los 90 sin fin: Menem volver\u00e1 a ser candidato"},"content":{"rendered":"<p><em><strong>A los 86 a\u00f1os, el ex presidente afirm\u00f3 que &#8220;la gente&#8221; es la que le pide que se postule<\/strong><\/em><\/p>\n<p>&nbsp;<\/p>\n<p>&nbsp;<\/p>\n<p>&nbsp;<\/p>\n<p>El ex presidente de la naci\u00f3n y actual senador por La Rioja, Carlos Menem, de 86 a\u00f1os, anunci\u00f3 que en las elecciones legislativas de este a\u00f1o intentar\u00e1 renovar su banca por su provincia.<\/p>\n<p>&nbsp;<\/p>\n<p>&#8220;Voy a ser candidato en octubre. La gente me alienta a seguir trabajando por mi querida provincia y por supuesto por la Rep\u00fablica Argentina&#8221;, se\u00f1al\u00f3 el ex mandatario, seg\u00fan public\u00f3 el portal Riojavirtual.<\/p>\n<p>&nbsp;<\/p>\n<p>Asimismo, Menem se refiri\u00f3 a la situaci\u00f3n de La Rioja. &#8220;Todav\u00eda le falta seguir creciendo, faltan recursos que debemos seguir reclamando a Naci\u00f3n para que se levante la provincia, por su gente&#8221;, manifest\u00f3 en el acto por los 426 a\u00f1os de la fundaci\u00f3n de la ciudad de La Rioja, donde asisti\u00f3 con su hija, Zulema.<\/p>\n","protected":false},"excerpt":{"rendered":"<p>A los 86 a\u00f1os, el ex presidente afirm\u00f3 que &#8220;la gente&#8221; es la que le pide que se postule &nbsp; &nbsp; &nbsp; El ex presidente de la naci\u00f3n y actual senador por La Rioja, Carlos Menem, de 86 a\u00f1os, anunci\u00f3 que en las elecciones legislativas de este a\u00f1o intentar\u00e1 renovar su banca por su provincia. &nbsp; &#8220;Voy a ser candidato en octubre. La gente me alienta a seguir trabajando por mi querida provincia y por supuesto por la Rep\u00fablica Argentina&#8221;, se\u00f1al\u00f3 el ex mandatario, seg\u00fan public\u00f3 el portal Riojavirtual. &nbsp;&#8230;<\/p>\n","protected":false},"author":3,"featured_media":11942,"comment_status":"closed","ping_status":"closed","sticky":false,"template":"","format":"standard","meta":[],"categories":[18],"tags":[],"_links":{"self":[{"href":"https:\/\/www.actualidadadiario.com\/index.php\/wp-json\/wp\/v2\/posts\/11941"}],"collection":[{"href":"https:\/\/www.actualidadadiario.com\/index.php\/wp-json\/wp\/v2\/posts"}],"about":[{"href":"https:\/\/www.actualidadadiario.com\/index.php\/wp-json\/wp\/v2\/types\/post"}],"author":[{"embeddable":true,"href":"https:\/\/www.actualidadadiario.com\/index.php\/wp-json\/wp\/v2\/users\/3"}],"replies":[{"embeddable":true,"href":"https:\/\/www.actualidadadiario.com\/index.php\/wp-json\/wp\/v2\/comments?post=11941"}],"version-history":[{"count":1,"href":"https:\/\/www.actualidadadiario.com\/index.php\/wp-json\/wp\/v2\/posts\/11941\/revisions"}],"predecessor-version":[{"id":11943,"href":"https:\/\/www.actualidadadiario.com\/index.php\/wp-json\/wp\/v2\/posts\/11941\/revisions\/11943"}],"wp:featuredmedia":[{"embeddable":true,"href":"https:\/\/www.actualidadadiario.com\/index.php\/wp-json\/wp\/v2\/media\/11942"}],"wp:attachment":[{"href":"https:\/\/www.actualidadadiario.com\/index.php\/wp-json\/wp\/v2\/media?parent=11941"}],"wp:term":[{"taxonomy":"category","embeddable":true,"href":"https:\/\/www.actualidadadiario.com\/index.php\/wp-json\/wp\/v2\/categories?post=11941"},{"taxonomy":"post_tag","embeddable":true,"href":"https:\/\/www.actualidadadiario.com\/index.php\/wp-json\/wp\/v2\/tags?post=11941"}],"curies":[{"name":"wp","href":"https:\/\/api.w.org\/{rel}","templated":true}]}}