{"id":11938,"date":"2017-05-22T09:58:20","date_gmt":"2017-05-22T12:58:20","guid":{"rendered":"http:\/\/actualidadadiario.com\/site\/?p=11938"},"modified":"2017-05-22T09:58:20","modified_gmt":"2017-05-22T12:58:20","slug":"la-crisis-en-brasil-preocupa-al-gobierno-y-se-tratara-en-la-cumbre-de-unasur-en-ecuador","status":"publish","type":"post","link":"https:\/\/www.actualidadadiario.com\/index.php\/2017\/05\/22\/la-crisis-en-brasil-preocupa-al-gobierno-y-se-tratara-en-la-cumbre-de-unasur-en-ecuador\/","title":{"rendered":"La crisis en Brasil preocupa al Gobierno y se tratar\u00e1 en la cumbre de Unasur en Ecuador"},"content":{"rendered":"<p><em><strong>Macri viaja ma\u00f1ana a Quito para la asunci\u00f3n de Len\u00edn Moreno y, como jefe del bloque, el mi\u00e9rcoles liderar\u00e1 una reuni\u00f3n en la que se prev\u00e9 que el tema se debata en el organismo<\/strong><\/em><\/p>\n<p>&nbsp;<\/p>\n<p>&nbsp;<\/p>\n<p>&nbsp;<\/p>\n<p>La convulsionada semana pol\u00edtica que atraves\u00f3 Brasil luego de que su presidente Michel Temer se viera involucrado en una grabaci\u00f3n en la que avala maniobras de corrupci\u00f3n, repercute en la Argentina por el impacto que representa que su principal socio comercial se vea debilitado, pero tambi\u00e9n es seguida de cerca a nivel regional. En ese contexto, el traspaso del mando que se dar\u00e1 este mi\u00e9rcoles en Ecuador, cuando asuma como jefe de Estado Len\u00edn Moreno, servir\u00e1 para poner esa preocupaci\u00f3n sobre la mesa cuando se re\u00fanan los pa\u00edses que integran Unasur, bloque presidido desde abril por Mauricio Macri.<\/p>\n<p>&nbsp;<\/p>\n<p>En la cumbre en Quito, en el edificio N\u00e9stor Kirchner, el Gobierno tiene como prop\u00f3sitos centrales impulsar una convocatoria a elecciones en Venezuela y promover la candidatura de Jos\u00e9 Octavio Bord\u00f3n, actual embajador nacional en Chile, como secretario general pro t\u00e9mpore del organismo. Si bien Macri no lo pondr\u00e1 en agenda, el tema se debatir\u00e1, ya que estar\u00e1n presentes la mayor\u00eda de los presidentes de una regi\u00f3n que tiene como actor protag\u00f3nico a Brasil.<\/p>\n<p>&nbsp;<\/p>\n<p>Macri, tras regresar de Jap\u00f3n, expres\u00f3 en una entrevista con el diario La Naci\u00f3n que &#8220;en Brasil las instituciones funcionan y la justicia es verdaderamente independiente&#8221;, aunque reconoci\u00f3 que &#8220;lo preocupa&#8221; la crisis pol\u00edtica del pa\u00eds vecino. En ese discurso coincidieron la canciller Susana Malcorra y el ministro del Interior Rogelio Frigerio, entre otros, aunque puertas adentro de la Casa Rosada, aun reconociendo la incertidumbre econ\u00f3mica que genera tener al gigante de la regi\u00f3n debilitado, la bajada de l\u00ednea es clara: &#8220;No hay que meterse en este tema, no tenemos que especular sobre el impacto porque no sabemos c\u00f3mo va a ser su desenlace&#8221;.<\/p>\n","protected":false},"excerpt":{"rendered":"<p>Macri viaja ma\u00f1ana a Quito para la asunci\u00f3n de Len\u00edn Moreno y, como jefe del bloque, el mi\u00e9rcoles liderar\u00e1 una reuni\u00f3n en la que se prev\u00e9 que el tema se debata en el organismo &nbsp; &nbsp; &nbsp; La convulsionada semana pol\u00edtica que atraves\u00f3 Brasil luego de que su presidente Michel Temer se viera involucrado en una grabaci\u00f3n en la que avala maniobras de corrupci\u00f3n, repercute en la Argentina por el impacto que representa que su principal socio comercial se vea debilitado, pero tambi\u00e9n es seguida de cerca a nivel regional&#8230;.<\/p>\n","protected":false},"author":3,"featured_media":11939,"comment_status":"closed","ping_status":"closed","sticky":false,"template":"","format":"standard","meta":[],"categories":[18],"tags":[],"_links":{"self":[{"href":"https:\/\/www.actualidadadiario.com\/index.php\/wp-json\/wp\/v2\/posts\/11938"}],"collection":[{"href":"https:\/\/www.actualidadadiario.com\/index.php\/wp-json\/wp\/v2\/posts"}],"about":[{"href":"https:\/\/www.actualidadadiario.com\/index.php\/wp-json\/wp\/v2\/types\/post"}],"author":[{"embeddable":true,"href":"https:\/\/www.actualidadadiario.com\/index.php\/wp-json\/wp\/v2\/users\/3"}],"replies":[{"embeddable":true,"href":"https:\/\/www.actualidadadiario.com\/index.php\/wp-json\/wp\/v2\/comments?post=11938"}],"version-history":[{"count":1,"href":"https:\/\/www.actualidadadiario.com\/index.php\/wp-json\/wp\/v2\/posts\/11938\/revisions"}],"predecessor-version":[{"id":11940,"href":"https:\/\/www.actualidadadiario.com\/index.php\/wp-json\/wp\/v2\/posts\/11938\/revisions\/11940"}],"wp:featuredmedia":[{"embeddable":true,"href":"https:\/\/www.actualidadadiario.com\/index.php\/wp-json\/wp\/v2\/media\/11939"}],"wp:attachment":[{"href":"https:\/\/www.actualidadadiario.com\/index.php\/wp-json\/wp\/v2\/media?parent=11938"}],"wp:term":[{"taxonomy":"category","embeddable":true,"href":"https:\/\/www.actualidadadiario.com\/index.php\/wp-json\/wp\/v2\/categories?post=11938"},{"taxonomy":"post_tag","embeddable":true,"href":"https:\/\/www.actualidadadiario.com\/index.php\/wp-json\/wp\/v2\/tags?post=11938"}],"curies":[{"name":"wp","href":"https:\/\/api.w.org\/{rel}","templated":true}]}}