{"id":11936,"date":"2017-05-22T09:57:35","date_gmt":"2017-05-22T12:57:35","guid":{"rendered":"http:\/\/actualidadadiario.com\/site\/?p=11936"},"modified":"2017-05-22T10:00:46","modified_gmt":"2017-05-22T13:00:46","slug":"confirman-el-sobreseimiento-de-milagro-sala-en-dos-causas","status":"publish","type":"post","link":"https:\/\/www.actualidadadiario.com\/index.php\/2017\/05\/22\/confirman-el-sobreseimiento-de-milagro-sala-en-dos-causas\/","title":{"rendered":"Confirman el sobreseimiento de Milagro Sala en dos causas"},"content":{"rendered":"<p><em><strong>La justicia de Jujuy sobresey\u00f3 a la l\u00edder de la Tupac Amaru, en dos causas en las que estaba acusada por &#8220;inducci\u00f3n a cometer el delito de amenazas agravadas&#8221;. La defensa de al dirigente hab\u00eda asegurado que esas denuncias eran parte de la \u201cpersecuci\u00f3n\u201d pol\u00edtica y, luego de ello, el fiscal Osinaga Gallacher hab\u00eda planteado el 5 de mayo pasado que no hab\u00eda pruebas para imputar a la dirigente<\/strong><\/em><\/p>\n<p>&nbsp;<\/p>\n<p>&nbsp;<\/p>\n<p>&nbsp;<\/p>\n<p>&nbsp;<\/p>\n<p>El juez de Control 3 de Jujuy, Gast\u00f3n Mercau, sobresey\u00f3 a la dirigente detenida Milagro Sala por la ausencia de pruebas de cargo en dos causas en las que estaba acusada de &#8220;inducci\u00f3n a cometer el delito de amenazas agravadas&#8221;, a ra\u00edz de denuncias realizadas en septiembre y octubre del a\u00f1o pasado, seg\u00fan confirmaron voceros judiciales.<\/p>\n<p>&nbsp;<\/p>\n<p>&#8220;El fiscal interviniente -Dar\u00edo Osinaga Gallacher- entendi\u00f3 que ni las denuncias oportunamente formuladas ni los testigos que aportaron los denunciantes ten\u00edan el peso espec\u00edfico propio para que se continuara con esta acusaci\u00f3n&#8221;, se\u00f1al\u00f3 hoy a T\u00e9lam el abogado de Sala, Luis Paz, sobre el pedido de sobreseimiento librado el 5 de mayo pasado.<\/p>\n<p>&nbsp;<\/p>\n<p>Agreg\u00f3 que consecuentemente con el dictamen, el juez resolvi\u00f3 favorecer a Sala con &#8220;un sobreseimiento total y definitivo en esos dos expedientes&#8221;.<\/p>\n<p>La notificaci\u00f3n a Sala fue concretada el jueves pasado, cuando la dirigente fue llevada ante el juez Mercau.<\/p>\n<p>&nbsp;<\/p>\n<p>El fiscal de Investigaci\u00f3n Penal 7, Dar\u00edo Osinaga Gallacher, hab\u00eda pedido su sobreseimiento por considerar que no hab\u00eda &#8220;pruebas de cargo que permitan continuar con la imputaci\u00f3n efectuada&#8221;.<\/p>\n<p>&nbsp;<\/p>\n<p>El 30 de marzo pasado, cuando fue citada a indagatoria por ese caso, Sala hab\u00eda negado \u201cterminantemente\u201d esas acusaciones. Sus abogados denunciaron el \u201carmado sistem\u00e1tico de causas como una forma m\u00e1s de persecuci\u00f3n\u201d en contra de su clienta.<\/p>\n<p>&nbsp;<\/p>\n<p>\u201cEstas son las causas que llevaron a Milagro Sala a autolesionarse producto del agotamiento que produjo el permanente hostigamiento judicial en su contra\u201d, aseguraron y destacaron que \u201clo que se va a ir demostrando con el tiempo es que (las denuncias contra la diputada del Parlasur) no tienen m\u00e1s sustento que el de continuar con su demonizaci\u00f3n\u201d.<\/p>\n<p>&nbsp;<\/p>\n<p>El primer expediente fue abierto el 28 de septiembre del a\u00f1o pasado contra Sala por \u201cinducci\u00f3n a cometer delitos de amenazas agravadas\u201d junto a Sebasti\u00e1n Sequeiros y M\u00f3nica Cerda, imputados de \u201camenaza en coautor\u00eda\u201d.<\/p>\n<p>&nbsp;<\/p>\n<p>El segundo data del 5 de octubre de 2016 y ambos fueron recaratuladas el 24 de febrero. A estos se les hab\u00eda sumado otro similar el 4 de enero de este a\u00f1o, que sigue en proceso de investigaci\u00f3n.<\/p>\n<p>&nbsp;<\/p>\n<p>El fiscal de Investigaci\u00f3n Penal 7, Dar\u00edo Osinaga Gallacher, hab\u00eda pedido su sobreseimiento por considerar que no hab\u00eda &#8220;pruebas de cargo que permitan continuar con la imputaci\u00f3n efectuada&#8221;.<\/p>\n<p>&nbsp;<\/p>\n<p>La l\u00edder de la Tupac Amaru se encuentra detenida desde enero de 2015 en el penal de Alto Comedero, provincia de Jujuy, a pesar de los h\u00e1beas corpus presentados por su defensa y de que diversos organismos de derechos humanos exigen su libertad, entre ellos del Grupo de Trabajo de la ONU, que resolvi\u00f3 que su detenci\u00f3n es \u201carbitraria\u201d.<\/p>\n","protected":false},"excerpt":{"rendered":"<p>La justicia de Jujuy sobresey\u00f3 a la l\u00edder de la Tupac Amaru, en dos causas en las que estaba acusada por &#8220;inducci\u00f3n a cometer el delito de amenazas agravadas&#8221;. La defensa de al dirigente hab\u00eda asegurado que esas denuncias eran parte de la \u201cpersecuci\u00f3n\u201d pol\u00edtica y, luego de ello, el fiscal Osinaga Gallacher hab\u00eda planteado el 5 de mayo pasado que no hab\u00eda pruebas para imputar a la dirigente &nbsp; &nbsp; &nbsp; &nbsp; El juez de Control 3 de Jujuy, Gast\u00f3n Mercau, sobresey\u00f3 a la dirigente detenida Milagro Sala por&#8230;<\/p>\n","protected":false},"author":3,"featured_media":11473,"comment_status":"closed","ping_status":"closed","sticky":false,"template":"","format":"standard","meta":[],"categories":[9,18],"tags":[],"_links":{"self":[{"href":"https:\/\/www.actualidadadiario.com\/index.php\/wp-json\/wp\/v2\/posts\/11936"}],"collection":[{"href":"https:\/\/www.actualidadadiario.com\/index.php\/wp-json\/wp\/v2\/posts"}],"about":[{"href":"https:\/\/www.actualidadadiario.com\/index.php\/wp-json\/wp\/v2\/types\/post"}],"author":[{"embeddable":true,"href":"https:\/\/www.actualidadadiario.com\/index.php\/wp-json\/wp\/v2\/users\/3"}],"replies":[{"embeddable":true,"href":"https:\/\/www.actualidadadiario.com\/index.php\/wp-json\/wp\/v2\/comments?post=11936"}],"version-history":[{"count":1,"href":"https:\/\/www.actualidadadiario.com\/index.php\/wp-json\/wp\/v2\/posts\/11936\/revisions"}],"predecessor-version":[{"id":11937,"href":"https:\/\/www.actualidadadiario.com\/index.php\/wp-json\/wp\/v2\/posts\/11936\/revisions\/11937"}],"wp:featuredmedia":[{"embeddable":true,"href":"https:\/\/www.actualidadadiario.com\/index.php\/wp-json\/wp\/v2\/media\/11473"}],"wp:attachment":[{"href":"https:\/\/www.actualidadadiario.com\/index.php\/wp-json\/wp\/v2\/media?parent=11936"}],"wp:term":[{"taxonomy":"category","embeddable":true,"href":"https:\/\/www.actualidadadiario.com\/index.php\/wp-json\/wp\/v2\/categories?post=11936"},{"taxonomy":"post_tag","embeddable":true,"href":"https:\/\/www.actualidadadiario.com\/index.php\/wp-json\/wp\/v2\/tags?post=11936"}],"curies":[{"name":"wp","href":"https:\/\/api.w.org\/{rel}","templated":true}]}}