{"id":11933,"date":"2017-05-22T09:56:41","date_gmt":"2017-05-22T12:56:41","guid":{"rendered":"http:\/\/actualidadadiario.com\/site\/?p=11933"},"modified":"2017-05-22T09:56:41","modified_gmt":"2017-05-22T12:56:41","slug":"felipe-sola-ratifico-su-continuidad-en-el-frente-renovador-aunque-admitio-que-tuvo-unos-dias-de-duda","status":"publish","type":"post","link":"https:\/\/www.actualidadadiario.com\/index.php\/2017\/05\/22\/felipe-sola-ratifico-su-continuidad-en-el-frente-renovador-aunque-admitio-que-tuvo-unos-dias-de-duda\/","title":{"rendered":"Felipe Sol\u00e1 ratific\u00f3 su continuidad en el Frente Renovador, aunque admiti\u00f3 que tuvo &#8220;unos d\u00edas de duda&#8221;"},"content":{"rendered":"<p><em><strong>El diputado nacional del Frente Renovador Felipe Sol\u00e1 coment\u00f3 que tuvo &#8220;unos d\u00edas de duda&#8221; sobre su continuidad en ese espacio pol\u00edtico, pero asegur\u00f3 que el massismo &#8220;es un espacio plural que quiere inaugurar una forma de pol\u00edtica distinta&#8221;<\/strong><\/em><\/p>\n<p>&nbsp;<\/p>\n<p>&nbsp;<\/p>\n<p>&nbsp;<\/p>\n<p>&nbsp;<\/p>\n<p>&nbsp;<\/p>\n<p>&#8220;Dud\u00e9 en irme del Frente Renovador. Tuve unos d\u00edas de duda, tengo muchos amigos en el randazzismo con los que me identifico plenamente. Considero que uno tiene que manejar lo afectivo pero evaluar estrat\u00e9gicamente las cosas. No ve\u00eda clara la idea&#8221;, explic\u00f3 el legislador.<\/p>\n<p>&nbsp;<\/p>\n<p>En declaraciones al programa &#8220;El Fin de la Met\u00e1fora&#8221;, que se emite por Radio 10, Sol\u00e1 dej\u00f3 entrever que continuar\u00e1 en el massismo, pese a los rumores que circulaban sobre un posible alejamiento suyo del partido, como sucedi\u00f3 con el secretario general de la CGT H\u00e9ctor Daer.<\/p>\n<p>&nbsp;<\/p>\n<p>&#8220;El Frente Renovador es un espacio plural que quiere inaugurar una forma de pol\u00edtica distinta, que mira m\u00e1s hacia el futuro que el pasado y que se va a empe\u00f1ar en campa\u00f1as directas para que la gente pueda reaccionar contra el asalto al bolsillo cotidiano&#8221;, defini\u00f3 el diputado.<\/p>\n<p>&nbsp;<\/p>\n<p>Por otra parte, Sol\u00e1 tambi\u00e9n pidi\u00f3 por la unidad del PJ aunque rechaz\u00f3 una gran interna en las primarias al asegurar que &#8220;en los partidos consolidados no se va a las PASO&#8221; porque, se\u00f1al\u00f3, &#8220;quedan divisiones que no se arreglan&#8221;.<\/p>\n<p>&nbsp;<\/p>\n<p>&#8220;Las PASO te divide m\u00e1s, si no ten\u00e9s un elemento de atracci\u00f3n que haga que todos se sienten comprendidos las PASO te dividen m\u00e1s. Son perversas, hacen que hables mal del otro para explicar por qu\u00e9 no vas con el otro. Es una ridiculez, se le da m\u00e1s tiempo la pelea interna que a la externa&#8221;, analiz\u00f3.<\/p>\n<p>&nbsp;<\/p>\n<p>Adem\u00e1s, el tambi\u00e9n exgobernador bonaerense consider\u00f3 que &#8220;no est\u00e1 claro qui\u00e9n gana en octubre en Provincia (de Buenos Aires&#8221; e insisti\u00f3 con que &#8220;el peronismo es muy fuerte pero el problema es que est\u00e1 muy dividido&#8221;.<\/p>\n<p>&nbsp;<\/p>\n<p>&#8220;Muchos argentinos votar\u00edan por el peronismo y ser\u00eda la primera minor\u00eda. Si estuviera unido, sacar\u00eda m\u00e1s del 40%&#8221;, consider\u00f3.<\/p>\n","protected":false},"excerpt":{"rendered":"<p>El diputado nacional del Frente Renovador Felipe Sol\u00e1 coment\u00f3 que tuvo &#8220;unos d\u00edas de duda&#8221; sobre su continuidad en ese espacio pol\u00edtico, pero asegur\u00f3 que el massismo &#8220;es un espacio plural que quiere inaugurar una forma de pol\u00edtica distinta&#8221; &nbsp; &nbsp; &nbsp; &nbsp; &nbsp; &#8220;Dud\u00e9 en irme del Frente Renovador. Tuve unos d\u00edas de duda, tengo muchos amigos en el randazzismo con los que me identifico plenamente. Considero que uno tiene que manejar lo afectivo pero evaluar estrat\u00e9gicamente las cosas. No ve\u00eda clara la idea&#8221;, explic\u00f3 el legislador. &nbsp; En&#8230;<\/p>\n","protected":false},"author":3,"featured_media":11934,"comment_status":"closed","ping_status":"closed","sticky":false,"template":"","format":"standard","meta":[],"categories":[18],"tags":[],"_links":{"self":[{"href":"https:\/\/www.actualidadadiario.com\/index.php\/wp-json\/wp\/v2\/posts\/11933"}],"collection":[{"href":"https:\/\/www.actualidadadiario.com\/index.php\/wp-json\/wp\/v2\/posts"}],"about":[{"href":"https:\/\/www.actualidadadiario.com\/index.php\/wp-json\/wp\/v2\/types\/post"}],"author":[{"embeddable":true,"href":"https:\/\/www.actualidadadiario.com\/index.php\/wp-json\/wp\/v2\/users\/3"}],"replies":[{"embeddable":true,"href":"https:\/\/www.actualidadadiario.com\/index.php\/wp-json\/wp\/v2\/comments?post=11933"}],"version-history":[{"count":1,"href":"https:\/\/www.actualidadadiario.com\/index.php\/wp-json\/wp\/v2\/posts\/11933\/revisions"}],"predecessor-version":[{"id":11935,"href":"https:\/\/www.actualidadadiario.com\/index.php\/wp-json\/wp\/v2\/posts\/11933\/revisions\/11935"}],"wp:featuredmedia":[{"embeddable":true,"href":"https:\/\/www.actualidadadiario.com\/index.php\/wp-json\/wp\/v2\/media\/11934"}],"wp:attachment":[{"href":"https:\/\/www.actualidadadiario.com\/index.php\/wp-json\/wp\/v2\/media?parent=11933"}],"wp:term":[{"taxonomy":"category","embeddable":true,"href":"https:\/\/www.actualidadadiario.com\/index.php\/wp-json\/wp\/v2\/categories?post=11933"},{"taxonomy":"post_tag","embeddable":true,"href":"https:\/\/www.actualidadadiario.com\/index.php\/wp-json\/wp\/v2\/tags?post=11933"}],"curies":[{"name":"wp","href":"https:\/\/api.w.org\/{rel}","templated":true}]}}