{"id":11930,"date":"2017-05-22T09:55:49","date_gmt":"2017-05-22T12:55:49","guid":{"rendered":"http:\/\/actualidadadiario.com\/site\/?p=11930"},"modified":"2017-05-22T09:55:49","modified_gmt":"2017-05-22T12:55:49","slug":"graciela-camano-apunto-contra-carrio-es-complice-de-la-impunidad","status":"publish","type":"post","link":"https:\/\/www.actualidadadiario.com\/index.php\/2017\/05\/22\/graciela-camano-apunto-contra-carrio-es-complice-de-la-impunidad\/","title":{"rendered":"Graciela Cama\u00f1o apunt\u00f3 contra Carri\u00f3: &#8221;Es c\u00f3mplice de la impunidad&#8221;"},"content":{"rendered":"<p><em><strong>&#8220;Denuncia hechos que suceden en un Gobierno que ella representar\u00e1 en las pr\u00f3ximas elecciones&#8221;, dijo la diputada del Frente Renovador. Pidi\u00f3 que la referente de Cambiemos &#8220;deje de ser c\u00f3mplice de la impunidad&#8221;<\/strong><\/em><\/p>\n<p>&nbsp;<\/p>\n<p>&nbsp;<\/p>\n<p>&nbsp;<\/p>\n<p>La diputada nacional por el Frente Renovador, Graciela Cama\u00f1o, afirm\u00f3 que la l\u00edder de la Coalici\u00f3n C\u00edvica, Elisa Carri\u00f3, \u201cdenuncia hechos que suceden en un Gobierno que ella representar\u00e1 en las pr\u00f3ximas elecciones\u201d y le reclam\u00f3 a la cofundadora de Cambiemos que \u201cdeje de ser c\u00f3mplice de la impunidad\u201d.<\/p>\n<p>&nbsp;<\/p>\n<p>&#8220;Es c\u00f3modo denunciar y usufructuar de las mieles del poder. Carri\u00f3 deber\u00eda bajarse y denunciar con pruebas, de lo contrario h\u00e1gase cargo, porque usted es parte. Si se integra un gobierno que se denuncia por encubrir corruptos, uno termina siendo c\u00f3mplice de esa impunidad&#8221;, se\u00f1al\u00f3 Cama\u00f1o seg\u00fan un comunicado difundido por el FR.<\/p>\n<p>&nbsp;<\/p>\n<p>De esta manera, Cama\u00f1o hizo referencia a las declaraciones de hoy de la l\u00edder de la CC, en las que se\u00f1al\u00f3 que hay integrantes del gobierno que &#8220;no quieren&#8221; que se conozca el trasfondo de la megacausa de corrupci\u00f3n conocida como Lava Jato porque &#8220;protegen&#8221; a ex funcionarios kirchneristas.<\/p>\n<p>&nbsp;<\/p>\n<p>En ese sentido, la dirigente del espacio que encabeza Sergio Massa afirm\u00f3 que Carri\u00f3 integra un gobierno que \u201cseg\u00fan sus propios dichos, protege a la corrupci\u00f3n del kirchnerismo\u201d.<\/p>\n<p>&nbsp;<\/p>\n<p>\u201cTenemos que terminar con denuncias vac\u00edas y con los esc\u00e1ndalos en los medios, sino con dirigentes que de verdad sean consecuentes con su modo de actuar. Hay que ser y parecer&#8221;, fustig\u00f3 Cama\u00f1o.<\/p>\n<p>&nbsp;<\/p>\n<p>Dijo adem\u00e1s que \u201ces muy grave lo que denuncia para seguir formando parte, poner cara de mala y hablar extorsionando. No alcanza para hacer Rep\u00fablica\u201d.<\/p>\n<p>&nbsp;<\/p>\n<p>No es la primera vez que Cama\u00f1o arremete contra Carri\u00f3. En noviembre del a\u00f1o pasado, luego de que Lilita llamara \u201cmentiroso\u201d y \u201cdemagogo\u201d a Sergio Massa, la cruz\u00f3 con dureza.<\/p>\n<p>&nbsp;<\/p>\n<p>&#8220;La doctora Carri\u00f3 es una persona que est\u00e1 enferma. Indudablemente est\u00e1 enferma esta mujer, lo han dicho los m\u00e9dicos, no lo digo yo. Es una mujer medio mezquina, particularmente con Sergio tiene el problema de que quiere competir. La verdad es que es muy desleal con su lengua p\u00fablica para la competencia&#8221;.<\/p>\n","protected":false},"excerpt":{"rendered":"<p>&#8220;Denuncia hechos que suceden en un Gobierno que ella representar\u00e1 en las pr\u00f3ximas elecciones&#8221;, dijo la diputada del Frente Renovador. Pidi\u00f3 que la referente de Cambiemos &#8220;deje de ser c\u00f3mplice de la impunidad&#8221; &nbsp; &nbsp; &nbsp; La diputada nacional por el Frente Renovador, Graciela Cama\u00f1o, afirm\u00f3 que la l\u00edder de la Coalici\u00f3n C\u00edvica, Elisa Carri\u00f3, \u201cdenuncia hechos que suceden en un Gobierno que ella representar\u00e1 en las pr\u00f3ximas elecciones\u201d y le reclam\u00f3 a la cofundadora de Cambiemos que \u201cdeje de ser c\u00f3mplice de la impunidad\u201d. &nbsp; &#8220;Es c\u00f3modo denunciar y&#8230;<\/p>\n","protected":false},"author":3,"featured_media":11931,"comment_status":"closed","ping_status":"closed","sticky":false,"template":"","format":"standard","meta":[],"categories":[18],"tags":[],"_links":{"self":[{"href":"https:\/\/www.actualidadadiario.com\/index.php\/wp-json\/wp\/v2\/posts\/11930"}],"collection":[{"href":"https:\/\/www.actualidadadiario.com\/index.php\/wp-json\/wp\/v2\/posts"}],"about":[{"href":"https:\/\/www.actualidadadiario.com\/index.php\/wp-json\/wp\/v2\/types\/post"}],"author":[{"embeddable":true,"href":"https:\/\/www.actualidadadiario.com\/index.php\/wp-json\/wp\/v2\/users\/3"}],"replies":[{"embeddable":true,"href":"https:\/\/www.actualidadadiario.com\/index.php\/wp-json\/wp\/v2\/comments?post=11930"}],"version-history":[{"count":1,"href":"https:\/\/www.actualidadadiario.com\/index.php\/wp-json\/wp\/v2\/posts\/11930\/revisions"}],"predecessor-version":[{"id":11932,"href":"https:\/\/www.actualidadadiario.com\/index.php\/wp-json\/wp\/v2\/posts\/11930\/revisions\/11932"}],"wp:featuredmedia":[{"embeddable":true,"href":"https:\/\/www.actualidadadiario.com\/index.php\/wp-json\/wp\/v2\/media\/11931"}],"wp:attachment":[{"href":"https:\/\/www.actualidadadiario.com\/index.php\/wp-json\/wp\/v2\/media?parent=11930"}],"wp:term":[{"taxonomy":"category","embeddable":true,"href":"https:\/\/www.actualidadadiario.com\/index.php\/wp-json\/wp\/v2\/categories?post=11930"},{"taxonomy":"post_tag","embeddable":true,"href":"https:\/\/www.actualidadadiario.com\/index.php\/wp-json\/wp\/v2\/tags?post=11930"}],"curies":[{"name":"wp","href":"https:\/\/api.w.org\/{rel}","templated":true}]}}