{"id":11927,"date":"2017-05-22T09:55:07","date_gmt":"2017-05-22T12:55:07","guid":{"rendered":"http:\/\/actualidadadiario.com\/site\/?p=11927"},"modified":"2017-05-22T09:55:07","modified_gmt":"2017-05-22T12:55:07","slug":"cristina-explico-cual-fue-el-acuerdo-entre-techintclarin-y-el-gobierno-de-macri","status":"publish","type":"post","link":"https:\/\/www.actualidadadiario.com\/index.php\/2017\/05\/22\/cristina-explico-cual-fue-el-acuerdo-entre-techintclarin-y-el-gobierno-de-macri\/","title":{"rendered":"Cristina explic\u00f3 cu\u00e1l fue el acuerdo entre Techint\/Clar\u00edn y el Gobierno de Macri"},"content":{"rendered":"<p><em><strong>La ex presidenta escribi\u00f3 un mensaje en sus redes sociales donde denuncia que la reparaci\u00f3n hist\u00f3rica aprobada por el PRO y sus aliados conten\u00eda una cl\u00e1usula que le perdon\u00f3 impuestos a Techint de Clar\u00edn por 250 millones de pesos<\/strong><\/em><\/p>\n<p>&nbsp;<\/p>\n<p>&nbsp;<\/p>\n<p>&nbsp;<\/p>\n<p>La ex mandataria subi\u00f3 este mensaje acompa\u00f1ado por la nota de P\u00e1gina 12 donde se revelaron los detalles del acuerdo:<\/p>\n<p>&nbsp;<\/p>\n<p>&#8220;La moratoria impositiva prevista en la ley \u00f3mnibus que habilit\u00f3 el blanqueo de capitales y la reforma del sistema previsional le permiti\u00f3 al grupo Techint ahorrarse alrededor de 250 millones de pesos en impuestos que la AFIP le reclamaba desde 2012&#8221;, consign\u00f3 el periodista Tom\u00e1s Lukin en el diario P\u00e1gina 12.<\/p>\n","protected":false},"excerpt":{"rendered":"<p>La ex presidenta escribi\u00f3 un mensaje en sus redes sociales donde denuncia que la reparaci\u00f3n hist\u00f3rica aprobada por el PRO y sus aliados conten\u00eda una cl\u00e1usula que le perdon\u00f3 impuestos a Techint de Clar\u00edn por 250 millones de pesos &nbsp; &nbsp; &nbsp; La ex mandataria subi\u00f3 este mensaje acompa\u00f1ado por la nota de P\u00e1gina 12 donde se revelaron los detalles del acuerdo: &nbsp; &#8220;La moratoria impositiva prevista en la ley \u00f3mnibus que habilit\u00f3 el blanqueo de capitales y la reforma del sistema previsional le permiti\u00f3 al grupo Techint ahorrarse alrededor&#8230;<\/p>\n","protected":false},"author":3,"featured_media":11928,"comment_status":"closed","ping_status":"closed","sticky":false,"template":"","format":"standard","meta":[],"categories":[18],"tags":[],"_links":{"self":[{"href":"https:\/\/www.actualidadadiario.com\/index.php\/wp-json\/wp\/v2\/posts\/11927"}],"collection":[{"href":"https:\/\/www.actualidadadiario.com\/index.php\/wp-json\/wp\/v2\/posts"}],"about":[{"href":"https:\/\/www.actualidadadiario.com\/index.php\/wp-json\/wp\/v2\/types\/post"}],"author":[{"embeddable":true,"href":"https:\/\/www.actualidadadiario.com\/index.php\/wp-json\/wp\/v2\/users\/3"}],"replies":[{"embeddable":true,"href":"https:\/\/www.actualidadadiario.com\/index.php\/wp-json\/wp\/v2\/comments?post=11927"}],"version-history":[{"count":1,"href":"https:\/\/www.actualidadadiario.com\/index.php\/wp-json\/wp\/v2\/posts\/11927\/revisions"}],"predecessor-version":[{"id":11929,"href":"https:\/\/www.actualidadadiario.com\/index.php\/wp-json\/wp\/v2\/posts\/11927\/revisions\/11929"}],"wp:featuredmedia":[{"embeddable":true,"href":"https:\/\/www.actualidadadiario.com\/index.php\/wp-json\/wp\/v2\/media\/11928"}],"wp:attachment":[{"href":"https:\/\/www.actualidadadiario.com\/index.php\/wp-json\/wp\/v2\/media?parent=11927"}],"wp:term":[{"taxonomy":"category","embeddable":true,"href":"https:\/\/www.actualidadadiario.com\/index.php\/wp-json\/wp\/v2\/categories?post=11927"},{"taxonomy":"post_tag","embeddable":true,"href":"https:\/\/www.actualidadadiario.com\/index.php\/wp-json\/wp\/v2\/tags?post=11927"}],"curies":[{"name":"wp","href":"https:\/\/api.w.org\/{rel}","templated":true}]}}