{"id":11924,"date":"2017-05-22T09:54:15","date_gmt":"2017-05-22T12:54:15","guid":{"rendered":"http:\/\/actualidadadiario.com\/site\/?p=11924"},"modified":"2017-05-22T09:54:15","modified_gmt":"2017-05-22T12:54:15","slug":"el-indec-difundira-manana-la-variacion-de-la-actividad-economica-de-marzo","status":"publish","type":"post","link":"https:\/\/www.actualidadadiario.com\/index.php\/2017\/05\/22\/el-indec-difundira-manana-la-variacion-de-la-actividad-economica-de-marzo\/","title":{"rendered":"El Indec difundir\u00e1 ma\u00f1ana la variaci\u00f3n de la actividad econ\u00f3mica de marzo"},"content":{"rendered":"<p>El Instituto Nacional de Estad\u00edstica y Censos (Indec) informar\u00e1 el martes la variaci\u00f3n del Estimador Mensual de la Actividad Econ\u00f3mica de marzo, mes en el que la construcci\u00f3n present\u00f3 un importante repunte, mientras que la industria recort\u00f3 su ca\u00edda, el consumo sigui\u00f3 en baja y la producci\u00f3n agr\u00edcola, en alza<\/p>\n<p>&nbsp;<\/p>\n<p>&nbsp;<\/p>\n<p>&nbsp;<\/p>\n<p>&nbsp;<\/p>\n<p>Desde el Ministerio de Hacienda conf\u00edan en que esta ser\u00e1 la \u00faltima comparaci\u00f3n interanual que tendr\u00e1 signo negativo, y que desde abril el Estimador Mensual de la Actividad Econ\u00f3mica, con altibajos, comenzar\u00e1 a tener signo positivo.<\/p>\n<p>&nbsp;<\/p>\n<p>Pero m\u00e1s all\u00e1 de las estimaciones, lo cierto es que durante marzo la actividad de la Construcci\u00f3n cerr\u00f3 con un alza interanual del 10,8%, impulsado por el mayor nivel de obra p\u00fablica, y cierta reactivaci\u00f3n del sector privado, y logr\u00f3 cerrar el primer trimestre del a\u00f1o con un alza del 1,8%.<\/p>\n<p>&nbsp;<\/p>\n<p>En tanto, la actividad industrial baj\u00f3 0,4% interanual, la menor ca\u00edda desde el 0,1% negativo de febrero del a\u00f1o pasado, y cerr\u00f3 el primer trimestre con un retroceso del 2,4%, seg\u00fan el Indec.<\/p>\n<p>&nbsp;<\/p>\n<p>Por el lado del consumo, la facturaci\u00f3n por las ventas en los supermercados y shoppings durante marzo sigui\u00f3 creciendo por debajo de la inflaci\u00f3n.<\/p>\n<p>&nbsp;<\/p>\n<p>As\u00ed, las ventas de las cadenas grandes de supermercados aumentaron 16,2%, mientras que medianas tuvieron una suba del 26,3%, y los centros de compra un 10,6%, aumentos estos que estuvieron por debajo de la inflaci\u00f3n del 35% que midi\u00f3 la Direcci\u00f3n de Estad\u00edsticas del Gobierno de la Ciudad de Buenos Aires.<\/p>\n<p>&nbsp;<\/p>\n<p>Pero otros factores, como el sector agropecuario, vienen impulsando la suba de los indicadores econ\u00f3micos.<\/p>\n<p>&nbsp;<\/p>\n<p>As\u00ed, la venta por unidades de maquinaria agr\u00edcola subi\u00f3 40 por ciento en el primer trimestre de 2017, mientras que la facturaci\u00f3n aument\u00f3 88,8 por ciento, seg\u00fan datos del Instituto Nacional de Estad\u00edstica y Censos (INDEC).<\/p>\n<p>&nbsp;<\/p>\n<p>El repunte de las ventas en el sector coincide con una campa\u00f1a agr\u00edcola que apunta a alcanzar un nuevo record de 120 millones de toneladas.<\/p>\n<p>&nbsp;<\/p>\n<p>De hecho, el ministro de Agroindustria, Ricardo Buryaile, anunci\u00f3 un r\u00e9cord de producci\u00f3n de trigo en la Argentina, al elevar la estimaci\u00f3n hasta los 18,39 millones de toneladas, desde los 16,50 millones previstos, en tanto que la cosecha de girasol, pr\u00f3xima a concluir, aument\u00f3 un 10% respecto al ciclo anterior, a 3,3 millones de toneladas.<\/p>\n<p>&nbsp;<\/p>\n<p>Con estos datos, y los primeros de abril, el ministro de Hacienda, Nicol\u00e1s Dujovne, dijo la semana pasada que conf\u00eda en que la econom\u00eda del pa\u00eds crecer\u00e1 m\u00e1s del 3 % este a\u00f1o.<\/p>\n<p>&nbsp;<\/p>\n<p>&#8220;Estamos en una fase de recuperaci\u00f3n, que va a acelerar&#8221;, dijo el funcionario en diversos foros.<\/p>\n","protected":false},"excerpt":{"rendered":"<p>El Instituto Nacional de Estad\u00edstica y Censos (Indec) informar\u00e1 el martes la variaci\u00f3n del Estimador Mensual de la Actividad Econ\u00f3mica de marzo, mes en el que la construcci\u00f3n present\u00f3 un importante repunte, mientras que la industria recort\u00f3 su ca\u00edda, el consumo sigui\u00f3 en baja y la producci\u00f3n agr\u00edcola, en alza &nbsp; &nbsp; &nbsp; &nbsp; Desde el Ministerio de Hacienda conf\u00edan en que esta ser\u00e1 la \u00faltima comparaci\u00f3n interanual que tendr\u00e1 signo negativo, y que desde abril el Estimador Mensual de la Actividad Econ\u00f3mica, con altibajos, comenzar\u00e1 a tener signo positivo&#8230;.<\/p>\n","protected":false},"author":3,"featured_media":11925,"comment_status":"closed","ping_status":"closed","sticky":false,"template":"","format":"standard","meta":[],"categories":[2],"tags":[],"_links":{"self":[{"href":"https:\/\/www.actualidadadiario.com\/index.php\/wp-json\/wp\/v2\/posts\/11924"}],"collection":[{"href":"https:\/\/www.actualidadadiario.com\/index.php\/wp-json\/wp\/v2\/posts"}],"about":[{"href":"https:\/\/www.actualidadadiario.com\/index.php\/wp-json\/wp\/v2\/types\/post"}],"author":[{"embeddable":true,"href":"https:\/\/www.actualidadadiario.com\/index.php\/wp-json\/wp\/v2\/users\/3"}],"replies":[{"embeddable":true,"href":"https:\/\/www.actualidadadiario.com\/index.php\/wp-json\/wp\/v2\/comments?post=11924"}],"version-history":[{"count":1,"href":"https:\/\/www.actualidadadiario.com\/index.php\/wp-json\/wp\/v2\/posts\/11924\/revisions"}],"predecessor-version":[{"id":11926,"href":"https:\/\/www.actualidadadiario.com\/index.php\/wp-json\/wp\/v2\/posts\/11924\/revisions\/11926"}],"wp:featuredmedia":[{"embeddable":true,"href":"https:\/\/www.actualidadadiario.com\/index.php\/wp-json\/wp\/v2\/media\/11925"}],"wp:attachment":[{"href":"https:\/\/www.actualidadadiario.com\/index.php\/wp-json\/wp\/v2\/media?parent=11924"}],"wp:term":[{"taxonomy":"category","embeddable":true,"href":"https:\/\/www.actualidadadiario.com\/index.php\/wp-json\/wp\/v2\/categories?post=11924"},{"taxonomy":"post_tag","embeddable":true,"href":"https:\/\/www.actualidadadiario.com\/index.php\/wp-json\/wp\/v2\/tags?post=11924"}],"curies":[{"name":"wp","href":"https:\/\/api.w.org\/{rel}","templated":true}]}}