{"id":11922,"date":"2017-05-22T09:53:19","date_gmt":"2017-05-22T12:53:19","guid":{"rendered":"http:\/\/actualidadadiario.com\/site\/?p=11922"},"modified":"2017-05-22T09:53:19","modified_gmt":"2017-05-22T12:53:19","slug":"malestar-de-los-gobernadores-tras-ser-marginados-en-el-reparto-de-planes-de-vivienda","status":"publish","type":"post","link":"https:\/\/www.actualidadadiario.com\/index.php\/2017\/05\/22\/malestar-de-los-gobernadores-tras-ser-marginados-en-el-reparto-de-planes-de-vivienda\/","title":{"rendered":"Malestar de los gobernadores tras ser marginados en el reparto de planes de vivienda"},"content":{"rendered":"<p><em><strong>La Casa Rosada dispuso centralizar las licitaciones y enviar los recursos directamente a los municipios; los mandatarios acusan al Gobierno de &#8220;discrecionalidad&#8221;<\/strong><\/em><\/p>\n<p>&nbsp;<\/p>\n<p>&nbsp;<\/p>\n<p>&nbsp;<\/p>\n<p>&nbsp;<\/p>\n<p>La decisi\u00f3n de la Casa Rosada de centralizar las licitaciones de viviendas y de que los intendentes reciban directamente los recursos para construirlas provoc\u00f3 en los \u00faltimos d\u00edas un creciente malestar entre varios gobernadores. La inquietud se debe no s\u00f3lo a que pierden el control sobre esos proyectos, sino tambi\u00e9n a la imposibilidad de capitalizarlos pol\u00edticamente durante la campa\u00f1a electoral que se avecina. Por eso, acusan al Gobierno de &#8220;discrecionalidad&#8221;. El malestar qued\u00f3 reflejado la semana pasada en una reuni\u00f3n de mandatarios peronistas en la Casa de Entre R\u00edos.<\/p>\n<p>&nbsp;<\/p>\n<p>Los ministros de Obras P\u00fablicas de diferentes jurisdicciones confirmaron que en una reuni\u00f3n a fines de abril Ricardo Delgado, coordinador de la obra p\u00fablica federal en el Ministerio del Interior, les plante\u00f3 la idea de eliminar los registros de contratistas de obras p\u00fablicas que tienen todas las provincias y que todas adhirieran al registro nacional.<\/p>\n<p>&nbsp;<\/p>\n<p>Iv\u00e1n Kerr, subsecretario de Vivienda y Desarrollo Urbano de la Naci\u00f3n, subray\u00f3 que tanto los planes federales como el nacional contemplan &#8220;el giro directo a los municipios&#8221;. Y, en respuesta a las cr\u00edticas de los gobernadores, retruc\u00f3: &#8220;Ellos tambi\u00e9n son discrecionales; tambi\u00e9n escuchamos los reclamos de los intendentes&#8221;. El funcionario confirm\u00f3 que el 28% de las obras en ejecuci\u00f3n se realiza a trav\u00e9s de los municipios; el 57%, v\u00eda institutos provinciales, y el resto, mediante organizaciones sin fines de lucro y unidades ejecutoras provinciales.<\/p>\n<p>&nbsp;<\/p>\n<p>&nbsp;<\/p>\n<p>Los recursos para viviendas se distribuyen entre los del Fondo Nacional de Viviendas (Fonavi), que tiene fijados por ley los coeficientes de dinero que corresponden a cada provincia, y los ex planes federales que, en cambio, son manejados en forma discrecional por el Ejecutivo. Tambi\u00e9n est\u00e1n los de H\u00e1bitat ($ 9.000 millones para mejoras) y el ProCreAr. Seg\u00fan datos de la Secretar\u00eda de Vivienda del Ministerio del Interior, los planes federales representan $ 23.500 millones; el ProCreAr, $ 23.500 millones y el gobierno central gestionar\u00e1 otros $ 38.842 millones.<\/p>\n<p>&nbsp;<\/p>\n<p>En el caso del Fonavi, el a\u00f1o pasado fueron $ 10.661 millones y \u00e9ste, rondar\u00e1n los $ 12.474 millones. Las viviendas de ese plan cotizan alrededor de $ 850.000 (55 metros cuadrados), las provincias aportan el lote y la infraestructura.<\/p>\n<p>&nbsp;<\/p>\n<p>El senador nacional por C\u00f3rdoba, Carlos Caserio, dijo que el ministro Rogelio Frigerio le reconoci\u00f3 que hay giros directos a municipios, lo que seg\u00fan \u00e9l &#8220;es inaceptable&#8221;.<\/p>\n<p>&nbsp;<\/p>\n<p>Horacio Rey, secretario general de la gobernaci\u00f3n chaque\u00f1a, explica que en la provincia hay 6800 viviendas asignadas desde la gesti\u00f3n anterior, pero &#8220;la transferencia de fondos es muy lenta&#8221;. Hay convenios firmados para reiniciar 3200. Admite que la versi\u00f3n de que ser\u00e1n los municipios los que manejar\u00e1n los fondos es creciente y la rechaza: &#8220;Se lo hemos dicho a Frigerio; tienen que respetar el esquema federal existente&#8221;. &#8220;Queremos recuperar el Fonavi para las provincias y para su pol\u00edtica habitacional -a\u00f1ade Kerr-. Es un fondo creado para financiar vivienda que desde 2001 es de libre disponibilidad para las provincias por lo que muchas veces se termina usando para cubrir otros gastos.&#8221; Por eso apuntan a derogar la libre disponibilidad.<\/p>\n<p>&nbsp;<\/p>\n<p>Diego Leone, secretario de H\u00e1bitat de Santa Fe, dijo que hay 770 unidades en ejecuci\u00f3n en la provincia con los ex planes federales, mientras que se firmaron convenios de soluciones de h\u00e1bitat para seis ciudades por $ 300 millones. &#8220;No conocemos que hayan cerrados acuerdos de viviendas directo con intendentes.&#8221;<\/p>\n<p>&nbsp;<\/p>\n<p>El ministro de Viviendas de C\u00f3rdoba, Jos\u00e9 Garc\u00eda, asegura que en lo que va de la gesti\u00f3n nacional &#8220;no recibimos un solo peso&#8221;. Acota que la relaci\u00f3n es &#8220;buena&#8221;, que enviaron proyectos y pidieron 2500 unidades: &#8220;Para 1800 no hay objeci\u00f3n t\u00e9cnica, pero hasta que no firmen el compromiso de dinero, no se empiezan.&#8221;<\/p>\n<p>&nbsp;<\/p>\n<p>Luis Beder Herrera, diputado justicialista de La Rioja, indic\u00f3 que &#8220;hay un avasallamiento federal; legalmente corresponde que los recursos de vivienda pasen por las provincias&#8221;. Plante\u00f3 que, en su provincia, el intendente capitalino Alberto Paredes Urquiza &#8220;recibe m\u00e1s dinero que el gobernador porque quieren dividir al peronismo para ganar las elecciones&#8221;.<\/p>\n<p>&nbsp;<\/p>\n<p>Kerr rechaza que el reparto de los recursos en el pa\u00eds se haga con un criterio pol\u00edtico: &#8220;Se hace en base a la distribuci\u00f3n del d\u00e9ficit habitacional, cerca de 1,4 millones de hogares, m\u00e1s de 5 millones de personas&#8221;. Subraya que tambi\u00e9n hay protestas entre las provincias por la decisi\u00f3n de financiar a trav\u00e9s del Estado a las familias con ingresos menores a dos salarios m\u00ednimos.<\/p>\n<p>&nbsp;<\/p>\n<p>Teresa Boselli, investigadora de la Facultad de Arquitectura de la UBA y una de las autoras del trabajo &#8220;\u00bfQuo vadis Fonavi?&#8221; se\u00f1al\u00f3 que la centralizaci\u00f3n de las licitaciones podr\u00eda facilitar la administraci\u00f3n y ganar agilidad, aunque entiende que los planes de vivienda deber\u00edan seguir en mano de las provincias: &#8220;Ser\u00eda lo m\u00e1s equitativo, conocen las necesidades regionales. Tiene que administrarse de la forma m\u00e1s transparente posible&#8221;.<\/p>\n<p>&nbsp;<\/p>\n<p>Coincide con la economista experta en temas de vivienda, Lucila Avel\u00edn Cesco, que los recursos del Fonavi se fueron reduciendo y, aunque revis\u00e1ndolo, deber\u00eda recuperarse. &#8220;Crecieron los fondos federales por fuera de la coparticipaci\u00f3n, que se manejan de manera discrecional. Faltan mucha evaluaci\u00f3n y seguimiento en las pol\u00edticas del \u00e1rea.&#8221;<\/p>\n","protected":false},"excerpt":{"rendered":"<p>La Casa Rosada dispuso centralizar las licitaciones y enviar los recursos directamente a los municipios; los mandatarios acusan al Gobierno de &#8220;discrecionalidad&#8221; &nbsp; &nbsp; &nbsp; &nbsp; La decisi\u00f3n de la Casa Rosada de centralizar las licitaciones de viviendas y de que los intendentes reciban directamente los recursos para construirlas provoc\u00f3 en los \u00faltimos d\u00edas un creciente malestar entre varios gobernadores. La inquietud se debe no s\u00f3lo a que pierden el control sobre esos proyectos, sino tambi\u00e9n a la imposibilidad de capitalizarlos pol\u00edticamente durante la campa\u00f1a electoral que se avecina. Por&#8230;<\/p>\n","protected":false},"author":3,"featured_media":11778,"comment_status":"closed","ping_status":"closed","sticky":false,"template":"","format":"standard","meta":[],"categories":[2],"tags":[],"_links":{"self":[{"href":"https:\/\/www.actualidadadiario.com\/index.php\/wp-json\/wp\/v2\/posts\/11922"}],"collection":[{"href":"https:\/\/www.actualidadadiario.com\/index.php\/wp-json\/wp\/v2\/posts"}],"about":[{"href":"https:\/\/www.actualidadadiario.com\/index.php\/wp-json\/wp\/v2\/types\/post"}],"author":[{"embeddable":true,"href":"https:\/\/www.actualidadadiario.com\/index.php\/wp-json\/wp\/v2\/users\/3"}],"replies":[{"embeddable":true,"href":"https:\/\/www.actualidadadiario.com\/index.php\/wp-json\/wp\/v2\/comments?post=11922"}],"version-history":[{"count":1,"href":"https:\/\/www.actualidadadiario.com\/index.php\/wp-json\/wp\/v2\/posts\/11922\/revisions"}],"predecessor-version":[{"id":11923,"href":"https:\/\/www.actualidadadiario.com\/index.php\/wp-json\/wp\/v2\/posts\/11922\/revisions\/11923"}],"wp:featuredmedia":[{"embeddable":true,"href":"https:\/\/www.actualidadadiario.com\/index.php\/wp-json\/wp\/v2\/media\/11778"}],"wp:attachment":[{"href":"https:\/\/www.actualidadadiario.com\/index.php\/wp-json\/wp\/v2\/media?parent=11922"}],"wp:term":[{"taxonomy":"category","embeddable":true,"href":"https:\/\/www.actualidadadiario.com\/index.php\/wp-json\/wp\/v2\/categories?post=11922"},{"taxonomy":"post_tag","embeddable":true,"href":"https:\/\/www.actualidadadiario.com\/index.php\/wp-json\/wp\/v2\/tags?post=11922"}],"curies":[{"name":"wp","href":"https:\/\/api.w.org\/{rel}","templated":true}]}}