{"id":11906,"date":"2017-05-22T09:45:22","date_gmt":"2017-05-22T12:45:22","guid":{"rendered":"http:\/\/actualidadadiario.com\/site\/?p=11906"},"modified":"2017-05-22T09:45:22","modified_gmt":"2017-05-22T12:45:22","slug":"cambiemos-admite-que-hay-muchos-problemas-en-el-campo-pero-que-hay-futuro","status":"publish","type":"post","link":"https:\/\/www.actualidadadiario.com\/index.php\/2017\/05\/22\/cambiemos-admite-que-hay-muchos-problemas-en-el-campo-pero-que-hay-futuro\/","title":{"rendered":"Cambiemos admite que &#8220;hay muchos problemas&#8221; en el campo, pero que hay &#8220;futuro&#8221;"},"content":{"rendered":"<p><em><strong>El senador nacional por Cambiemos Alfredo De Angeli admiti\u00f3 que &#8220;hay muchos problemas&#8221; en el campo, aunque asegur\u00f3 que ve &#8220;futuro&#8221; para el sector agropecuario<\/strong><\/em><\/p>\n<p>&nbsp;<\/p>\n<p>&nbsp;<\/p>\n<p>&nbsp;<\/p>\n<p>&nbsp;<\/p>\n<p>&#8220;Los productores saben que tenemos un buen futuro. Las cosas no est\u00e1n bien, hay mucho para resolver, pero ven que hay futuro&#8221;, destac\u00f3 el legislador por Entre R\u00edos.<\/p>\n<p>&nbsp;<\/p>\n<p>En ese sentido, insisti\u00f3: &#8220;Veo futuro para el campo, muy bueno, aunque sabemos que hay muchos problemas&#8221;.<\/p>\n<p>&nbsp;<\/p>\n<p>Seg\u00fan su consideraci\u00f3n, &#8220;se empiezan a abrir los mercados en el exterior, en el caso de Entre R\u00edos los c\u00edtricos&#8221;.<\/p>\n<p>&nbsp;<\/p>\n<p>&#8220;Empezamos a vender a Brasil. Sabemos que tenemos problemas con el arroz y hay que encontrarle una soluci\u00f3n&#8221;, analiz\u00f3 en declaraciones a Radio Mitre.<\/p>\n<p>&nbsp;<\/p>\n<p>En tanto, resalt\u00f3 que &#8220;de la mano de la ganader\u00eda vienen muchas cosas tambi\u00e9n&#8221; y asegur\u00f3 que con la administraci\u00f3n de Mauricio Macri &#8220;hay di\u00e1logo&#8221;.<\/p>\n","protected":false},"excerpt":{"rendered":"<p>El senador nacional por Cambiemos Alfredo De Angeli admiti\u00f3 que &#8220;hay muchos problemas&#8221; en el campo, aunque asegur\u00f3 que ve &#8220;futuro&#8221; para el sector agropecuario &nbsp; &nbsp; &nbsp; &nbsp; &#8220;Los productores saben que tenemos un buen futuro. Las cosas no est\u00e1n bien, hay mucho para resolver, pero ven que hay futuro&#8221;, destac\u00f3 el legislador por Entre R\u00edos. &nbsp; En ese sentido, insisti\u00f3: &#8220;Veo futuro para el campo, muy bueno, aunque sabemos que hay muchos problemas&#8221;. &nbsp; Seg\u00fan su consideraci\u00f3n, &#8220;se empiezan a abrir los mercados en el exterior, en el&#8230;<\/p>\n","protected":false},"author":3,"featured_media":11907,"comment_status":"closed","ping_status":"closed","sticky":false,"template":"","format":"standard","meta":[],"categories":[2],"tags":[],"_links":{"self":[{"href":"https:\/\/www.actualidadadiario.com\/index.php\/wp-json\/wp\/v2\/posts\/11906"}],"collection":[{"href":"https:\/\/www.actualidadadiario.com\/index.php\/wp-json\/wp\/v2\/posts"}],"about":[{"href":"https:\/\/www.actualidadadiario.com\/index.php\/wp-json\/wp\/v2\/types\/post"}],"author":[{"embeddable":true,"href":"https:\/\/www.actualidadadiario.com\/index.php\/wp-json\/wp\/v2\/users\/3"}],"replies":[{"embeddable":true,"href":"https:\/\/www.actualidadadiario.com\/index.php\/wp-json\/wp\/v2\/comments?post=11906"}],"version-history":[{"count":1,"href":"https:\/\/www.actualidadadiario.com\/index.php\/wp-json\/wp\/v2\/posts\/11906\/revisions"}],"predecessor-version":[{"id":11908,"href":"https:\/\/www.actualidadadiario.com\/index.php\/wp-json\/wp\/v2\/posts\/11906\/revisions\/11908"}],"wp:featuredmedia":[{"embeddable":true,"href":"https:\/\/www.actualidadadiario.com\/index.php\/wp-json\/wp\/v2\/media\/11907"}],"wp:attachment":[{"href":"https:\/\/www.actualidadadiario.com\/index.php\/wp-json\/wp\/v2\/media?parent=11906"}],"wp:term":[{"taxonomy":"category","embeddable":true,"href":"https:\/\/www.actualidadadiario.com\/index.php\/wp-json\/wp\/v2\/categories?post=11906"},{"taxonomy":"post_tag","embeddable":true,"href":"https:\/\/www.actualidadadiario.com\/index.php\/wp-json\/wp\/v2\/tags?post=11906"}],"curies":[{"name":"wp","href":"https:\/\/api.w.org\/{rel}","templated":true}]}}