{"id":11903,"date":"2017-05-22T09:44:29","date_gmt":"2017-05-22T12:44:29","guid":{"rendered":"http:\/\/actualidadadiario.com\/site\/?p=11903"},"modified":"2017-05-22T09:44:29","modified_gmt":"2017-05-22T12:44:29","slug":"entre-rios-promueve-la-difusion-de-los-derechos-en-materia-de-parto-respetado","status":"publish","type":"post","link":"https:\/\/www.actualidadadiario.com\/index.php\/2017\/05\/22\/entre-rios-promueve-la-difusion-de-los-derechos-en-materia-de-parto-respetado\/","title":{"rendered":"Entre R\u00edos promueve la difusi\u00f3n de los derechos en materia de parto respetado"},"content":{"rendered":"<p><em><strong>La provincia adhiri\u00f3 a la Semana Mundial del Parto Respetado, bajo el lema: &#8220;\u00bf40 semanas? El nacimiento tiene el momento correcto, no el programado&#8221;. Obst\u00e9tricas analizaron el valor del conocimiento de los derechos que protegen a las madres, padres e hijos al momento del nacimiento<\/strong><\/em><\/p>\n<p>&nbsp;<\/p>\n<p>&nbsp;<\/p>\n<p>&nbsp;<\/p>\n<p>&nbsp;<\/p>\n<p>Desde el inicio de la gesti\u00f3n, el Ministerio de Salud trabaja en la regionalizaci\u00f3n de la atenci\u00f3n del componente perinatal y familiar con el objeto de establecer la complejidad de los servicios y organizar la red de derivaci\u00f3n en funci\u00f3n de garantizar la atenci\u00f3n en maternidades seguras y adecuadas a la implementaci\u00f3n de las Condiciones Obst\u00e9tricas y Neonatales Esenciales definidas por la Organizaci\u00f3n Mundial de la Salud (OMS).<\/p>\n<p>&nbsp;<\/p>\n<p>&nbsp;<\/p>\n<p><strong>Conceptos para fortalecer <\/strong><\/p>\n<p>Dos obst\u00e9tricas del Hospital Materno Infantil San Roque de Paran\u00e1 contribuyeron a pensar en el sentido de la Semana Mundial del Parto Respetado y la Ley Nacional 25.929.<\/p>\n<p>&nbsp;<\/p>\n<p>Para Gisela Fosgt, \u201crespetar es un trabajo diario hacia la vida misma, el cuerpo, las emociones y la decisi\u00f3n de la mujer\u201d. Concretamente el lema 2017 de la Alianza Francesa por el Parto Respetado, (Afar) por sus siglas en franc\u00e9s, es \u00bf40 semanas? El nacimiento tiene el momento correcto, no el programado. En este sentido, Fosgt explic\u00f3 que \u201ctambi\u00e9n parto respetado es el buen acuerdo entre la mujer y el equipo de profesionales de la salud durante el embarazo, el procedimiento del parto y el nacimiento del hijo\u201d.<\/p>\n<p>&nbsp;<\/p>\n<p>\u201cLas obst\u00e9tricas somos propulsoras de que cada beb\u00e9 decida cu\u00e1ndo nacer y tambi\u00e9n respetar los tiempos de la mujer y cada embarazo, acompa\u00f1ando el proceso y facilitando la informaci\u00f3n adecuada. El respeto es hacia la mujer, el beb\u00e9 por venir y la pareja, en s\u00edntesis la historia personal\u201d, explic\u00f3.<\/p>\n<p>&nbsp;<\/p>\n<p>Por su parte Rosana Pohl, tambi\u00e9n obst\u00e9trica del nosocomio paranaense, refiri\u00f3 a la investigaci\u00f3n del m\u00e9dico franc\u00e9s Michel Odent en la materia y el surgimiento, en noviembre de 2000, de la Red Latinoamericana y del Caribe para la Humanizaci\u00f3n del Parto y el Nacimiento (Redlacahupan). De lo que se trata, entonces, es de \u201cpermitir que un parto se desarrolle naturalmente \u2013como debe ser\u2013 y con la menor cantidad de intervenciones posibles o ninguna y s\u00f3lo intervenir en el momento necesario\u201d.<\/p>\n<p>&nbsp;<\/p>\n<p>En torno al parto respetado Pohl reafirm\u00f3: \u201cNo es un capricho o moda del momento, hay estudios serios que avalan la incidencia, traum\u00e1tica o no, de la experiencia del nacimiento en las distintas etapas de la vida. El parto tiene su proceso fisiol\u00f3gico que es natural, no se debe contrariar\u201d.<\/p>\n<p>&nbsp;<\/p>\n<p>&nbsp;<\/p>\n<p><strong>Origen internacional y legislaci\u00f3n nacional <\/strong><\/p>\n<p>En 1985, la Organizaci\u00f3n Mundial de la Salud (OMS) realiz\u00f3 una reuni\u00f3n en la ciudad brasile\u00f1a de Fortaleza y de ese encuentro surgi\u00f3 la declaraci\u00f3n &#8220;El nacimiento no es una enfermedad&#8221;, que inici\u00f3 el proceso de transformaci\u00f3n del modelo de atenci\u00f3n.<\/p>\n<p>&nbsp;<\/p>\n<p>En Argentina, la Ley 25.929 sobre Derechos de Padres e Hijos Durante el Proceso de Nacimiento fue sancionada el 25 de agosto de 2004, promulgada el 17 de septiembre de ese a\u00f1o y reglamentada once a\u00f1os despu\u00e9s mediante el Decreto 2035\/2015.<\/p>\n<p>El texto legal promueve que se respete a la familia en sus particularidades \u2013raza, religi\u00f3n, nacionalidad\u2013 y que se la acompa\u00f1e en la toma de decisiones seguras e informadas.<\/p>\n<p>&nbsp;<\/p>\n<p>&nbsp;<\/p>\n<p><strong>Derechos del reci\u00e9n nacido y sus padres <\/strong><\/p>\n<p><strong>La madre tiene derecho: <\/strong><\/p>\n<ul>\n<li><em> A ser informada sobre las distintas intervenciones m\u00e9dicas que pueden tener lugar durante el parto y postparto y participar activamente en las decisiones acerca de las alternativas distintas, si es que existen. <\/em><\/li>\n<li><em> A ser considerada como persona sana, de modo que se facilite su participaci\u00f3n como protagonista de su propio parto. <\/em><\/li>\n<li><em> A un parto respetuoso de los tiempos biol\u00f3gico y psicol\u00f3gico, evitando pr\u00e1cticas invasivas y suministro de medicaci\u00f3n que no est\u00e9n justificados. <\/em><\/li>\n<li><em> A ser informada sobre la evoluci\u00f3n de su parto, el estado de su hijo o hija y, en general, a que se le haga part\u00edcipe de las diferentes actuaciones de los profesionales. <\/em><\/li>\n<li><em> A no ser sometida a ning\u00fan examen o intervenci\u00f3n cuyo prop\u00f3sito sea de investigaci\u00f3n. <\/em><\/li>\n<li><em> A elegir qui\u00e9n la acompa\u00f1e durante el trabajo de parto, parto y postparto. <\/em><\/li>\n<li><em> A tener a su lado a su hijo o hija durante la permanencia en el establecimiento sanitario, siempre que el reci\u00e9n nacido no requiera de cuidados especiales. <\/em><\/li>\n<li><em> A ser informada, desde el embarazo, sobre los beneficios de la lactancia materna y recibir apoyo para amamantar. <\/em><\/li>\n<li><em> A recibir asesoramiento e informaci\u00f3n sobre los cuidados de s\u00ed misma y del ni\u00f1o o ni\u00f1a. <\/em><\/li>\n<li><em> A ser informada espec\u00edficamente sobre los efectos adversos del tabaco, el alcohol y las drogas sobre el ni\u00f1o o ni\u00f1a y ella misma. <\/em><\/li>\n<\/ul>\n<p>&nbsp;<\/p>\n<p>Asimismo el reci\u00e9n nacido tiene derecho a ser tratado en forma respetuosa y digna; a su inequ\u00edvoca identificaci\u00f3n; a no ser sometido a ning\u00fan examen o intervenci\u00f3n cuyo prop\u00f3sito sea de investigaci\u00f3n o docencia; a la internaci\u00f3n conjunta con su madre en sala; a que sus padres reciban adecuado asesoramiento e informaci\u00f3n sobre los cuidados para su crecimiento y desarrollo, as\u00ed como de su plan de vacunaci\u00f3n.<\/p>\n","protected":false},"excerpt":{"rendered":"<p>La provincia adhiri\u00f3 a la Semana Mundial del Parto Respetado, bajo el lema: &#8220;\u00bf40 semanas? El nacimiento tiene el momento correcto, no el programado&#8221;. Obst\u00e9tricas analizaron el valor del conocimiento de los derechos que protegen a las madres, padres e hijos al momento del nacimiento &nbsp; &nbsp; &nbsp; &nbsp; Desde el inicio de la gesti\u00f3n, el Ministerio de Salud trabaja en la regionalizaci\u00f3n de la atenci\u00f3n del componente perinatal y familiar con el objeto de establecer la complejidad de los servicios y organizar la red de derivaci\u00f3n en funci\u00f3n de&#8230;<\/p>\n","protected":false},"author":3,"featured_media":11904,"comment_status":"closed","ping_status":"closed","sticky":false,"template":"","format":"standard","meta":[],"categories":[15],"tags":[],"_links":{"self":[{"href":"https:\/\/www.actualidadadiario.com\/index.php\/wp-json\/wp\/v2\/posts\/11903"}],"collection":[{"href":"https:\/\/www.actualidadadiario.com\/index.php\/wp-json\/wp\/v2\/posts"}],"about":[{"href":"https:\/\/www.actualidadadiario.com\/index.php\/wp-json\/wp\/v2\/types\/post"}],"author":[{"embeddable":true,"href":"https:\/\/www.actualidadadiario.com\/index.php\/wp-json\/wp\/v2\/users\/3"}],"replies":[{"embeddable":true,"href":"https:\/\/www.actualidadadiario.com\/index.php\/wp-json\/wp\/v2\/comments?post=11903"}],"version-history":[{"count":1,"href":"https:\/\/www.actualidadadiario.com\/index.php\/wp-json\/wp\/v2\/posts\/11903\/revisions"}],"predecessor-version":[{"id":11905,"href":"https:\/\/www.actualidadadiario.com\/index.php\/wp-json\/wp\/v2\/posts\/11903\/revisions\/11905"}],"wp:featuredmedia":[{"embeddable":true,"href":"https:\/\/www.actualidadadiario.com\/index.php\/wp-json\/wp\/v2\/media\/11904"}],"wp:attachment":[{"href":"https:\/\/www.actualidadadiario.com\/index.php\/wp-json\/wp\/v2\/media?parent=11903"}],"wp:term":[{"taxonomy":"category","embeddable":true,"href":"https:\/\/www.actualidadadiario.com\/index.php\/wp-json\/wp\/v2\/categories?post=11903"},{"taxonomy":"post_tag","embeddable":true,"href":"https:\/\/www.actualidadadiario.com\/index.php\/wp-json\/wp\/v2\/tags?post=11903"}],"curies":[{"name":"wp","href":"https:\/\/api.w.org\/{rel}","templated":true}]}}