{"id":11900,"date":"2017-05-22T09:43:35","date_gmt":"2017-05-22T12:43:35","guid":{"rendered":"http:\/\/actualidadadiario.com\/site\/?p=11900"},"modified":"2017-05-22T09:43:35","modified_gmt":"2017-05-22T12:43:35","slug":"la-fundacion-micaela-garcia-capacitara-a-formadoras-en-genero","status":"publish","type":"post","link":"https:\/\/www.actualidadadiario.com\/index.php\/2017\/05\/22\/la-fundacion-micaela-garcia-capacitara-a-formadoras-en-genero\/","title":{"rendered":"La Fundaci\u00f3n Micaela Garc\u00eda capacitar\u00e1 a formadoras en g\u00e9nero"},"content":{"rendered":"<p><em><strong>Lo inform\u00f3 el padre de Micaela, N\u00e9stor Garc\u00eda. Ser\u00e1 en el marco del programa Red Territorial en G\u00e9nero (Reteger), que desarrolla la Procuraci\u00f3n General de la Naci\u00f3n. El 9 de junio pr\u00f3ximo ser\u00e1 presentado en Concepci\u00f3n del Uruguay y para ello esperan la presencia de la procuradora Alejandra Gils Carb\u00f3<\/strong><\/em><\/p>\n<p>&nbsp;<\/p>\n<p>&nbsp;<\/p>\n<p>&nbsp;<\/p>\n<p>En Concepci\u00f3n del Uruguay se instalar\u00e1 el primer nodo fuera de Buenos Aires de la Red Territorial en G\u00e9nero (Reteger), un programa impulsado por Gils Carb\u00f3, que promueve la formaci\u00f3n de formadoras territoriales de g\u00e9nero.<\/p>\n<p>&nbsp;<\/p>\n<p>\u201cLa idea es que cinco integrantes de la Fundaci\u00f3n empiecen a trabajar en formar promotoras en g\u00e9nero\u201d, explic\u00f3 a esta Agencia el padre de Micaela Garc\u00eda, creador de la Fundaci\u00f3n que lleva el nombre de su hija. \u201cEl primer nodo que se instale en el interior ser\u00e1 Concepci\u00f3n del Uruguay\u201d, resalt\u00f3.<\/p>\n<p>&nbsp;<\/p>\n<p>La presentaci\u00f3n ser\u00e1 el viernes 9 de junio en el Auditorio Municipal de Concepci\u00f3n del Uruguay, ubicado en la intersecci\u00f3n de las calles Urquiza y 8 de junio. Para este acto esperan contar con la presencia de la Procuradora General. \u201cEsperamos que Gil Carb\u00f3 pueda ir\u201d, se\u00f1al\u00f3 N\u00e9stor Garc\u00eda.<\/p>\n<p>&nbsp;<\/p>\n<p>Seg\u00fan precis\u00f3, la presentaci\u00f3n se dividir\u00e1 en dos partes. \u201cLa primera, de 14:30 a 17 horas, ser\u00e1 una convocatoria masiva donde se explicar\u00e1 el programa. La segunda, de 17:30 a 20, ser\u00e1 para unas 30 o 35 personas, que ser\u00e1n capacitadas para ser formadoras en g\u00e9nero\u201d.<\/p>\n<p>&nbsp;<\/p>\n<p>Esas personas \u201cseguir\u00e1n formando en g\u00e9nero a otras personas\u201d, se\u00f1al\u00f3. \u201cLa idea es formar una red que se vaya agrandando y se desparrame por toda la provincia\u201d, agreg\u00f3.<\/p>\n<p>&nbsp;<\/p>\n<p>Garc\u00eda coment\u00f3 que ya est\u00e1n pensando en hacer convenios con la Municipalidad de Concepci\u00f3n del Uruguay y con el Gobierno provincial. \u201cLa idea es que las formadoras capaciten a funcionarios de todos los niveles del Estado\u201d, apunt\u00f3 por \u00faltimo.<\/p>\n<p>&nbsp;<\/p>\n<p>Los interesados en participar de la capacitaci\u00f3n, pueden comunicarse al tel\u00e9fono 03442 15648744, al correo electr\u00f3nico fundacionmicaelagarcia@gmail.com, visitar el sitio web www.micaelagarc\u00eda.org, o la p\u00e1gina en Facebook: Fundaci\u00f3n Micaela Garc\u00eda \u201cLa Negra\u201d.<\/p>\n","protected":false},"excerpt":{"rendered":"<p>Lo inform\u00f3 el padre de Micaela, N\u00e9stor Garc\u00eda. Ser\u00e1 en el marco del programa Red Territorial en G\u00e9nero (Reteger), que desarrolla la Procuraci\u00f3n General de la Naci\u00f3n. El 9 de junio pr\u00f3ximo ser\u00e1 presentado en Concepci\u00f3n del Uruguay y para ello esperan la presencia de la procuradora Alejandra Gils Carb\u00f3 &nbsp; &nbsp; &nbsp; En Concepci\u00f3n del Uruguay se instalar\u00e1 el primer nodo fuera de Buenos Aires de la Red Territorial en G\u00e9nero (Reteger), un programa impulsado por Gils Carb\u00f3, que promueve la formaci\u00f3n de formadoras territoriales de g\u00e9nero. &nbsp; \u201cLa&#8230;<\/p>\n","protected":false},"author":3,"featured_media":11901,"comment_status":"closed","ping_status":"closed","sticky":false,"template":"","format":"standard","meta":[],"categories":[15],"tags":[],"_links":{"self":[{"href":"https:\/\/www.actualidadadiario.com\/index.php\/wp-json\/wp\/v2\/posts\/11900"}],"collection":[{"href":"https:\/\/www.actualidadadiario.com\/index.php\/wp-json\/wp\/v2\/posts"}],"about":[{"href":"https:\/\/www.actualidadadiario.com\/index.php\/wp-json\/wp\/v2\/types\/post"}],"author":[{"embeddable":true,"href":"https:\/\/www.actualidadadiario.com\/index.php\/wp-json\/wp\/v2\/users\/3"}],"replies":[{"embeddable":true,"href":"https:\/\/www.actualidadadiario.com\/index.php\/wp-json\/wp\/v2\/comments?post=11900"}],"version-history":[{"count":1,"href":"https:\/\/www.actualidadadiario.com\/index.php\/wp-json\/wp\/v2\/posts\/11900\/revisions"}],"predecessor-version":[{"id":11902,"href":"https:\/\/www.actualidadadiario.com\/index.php\/wp-json\/wp\/v2\/posts\/11900\/revisions\/11902"}],"wp:featuredmedia":[{"embeddable":true,"href":"https:\/\/www.actualidadadiario.com\/index.php\/wp-json\/wp\/v2\/media\/11901"}],"wp:attachment":[{"href":"https:\/\/www.actualidadadiario.com\/index.php\/wp-json\/wp\/v2\/media?parent=11900"}],"wp:term":[{"taxonomy":"category","embeddable":true,"href":"https:\/\/www.actualidadadiario.com\/index.php\/wp-json\/wp\/v2\/categories?post=11900"},{"taxonomy":"post_tag","embeddable":true,"href":"https:\/\/www.actualidadadiario.com\/index.php\/wp-json\/wp\/v2\/tags?post=11900"}],"curies":[{"name":"wp","href":"https:\/\/api.w.org\/{rel}","templated":true}]}}