{"id":11883,"date":"2017-05-19T10:30:58","date_gmt":"2017-05-19T13:30:58","guid":{"rendered":"http:\/\/actualidadadiario.com\/site\/?p=11883"},"modified":"2017-05-19T10:30:58","modified_gmt":"2017-05-19T13:30:58","slug":"el-numero-de-menores-que-emigran-solos-se-ha-multiplicado-por-cinco-desde-2010","status":"publish","type":"post","link":"https:\/\/www.actualidadadiario.com\/index.php\/2017\/05\/19\/el-numero-de-menores-que-emigran-solos-se-ha-multiplicado-por-cinco-desde-2010\/","title":{"rendered":"El n\u00famero de menores que emigran solos se ha multiplicado por cinco desde 2010"},"content":{"rendered":"<p><em><strong>Tras analizar la situaci\u00f3n en 80 pa\u00edses, el Fondo de la ONU para la Infancia, UNICEF, ha lanzado la voz de alarma y ha atribuido este aumento a las pocas opciones que tienen de emigrar por v\u00edas legales<\/strong><\/em><\/p>\n<p>&nbsp;<\/p>\n<p>&nbsp;<\/p>\n<p>&nbsp;<\/p>\n<p>&nbsp;<\/p>\n<p>&nbsp;<\/p>\n<p>UNICEF ha instado a los gobiernos a actuar ya para garantizar la seguridad de estos ni\u00f1os. \u201cSabemos por nuestra experiencia al trabajar sobre el terreno en el norte de \u00c1frica, en Centroam\u00e9rica y en parte de Asia o de Europa, en pa\u00edses como Italia, Grecia o Bulgaria, que hay muchos ni\u00f1os que no son contabilizados y por lo tanto, el n\u00famero de 300.000 menores que hemos registrado probablemente sea la punta del iceberg\u201d, se\u00f1alaba Justin Forsyth, director ejecutivo adjunto de UNICEF.<\/p>\n<p>&nbsp;<\/p>\n<p>En su informe, el Fondo de la ONU para la Infancia alerta de que los menores que viajan solos son los m\u00e1s vulnerables y corren un riesgo mayor de caer en manos de redes de trata de personas.<\/p>\n<p>&nbsp;<\/p>\n<p>Los derechos de los ni\u00f1os \u201cvan con ellos\u201d cuando emigran y deben respetarse en todas partes, concluyen.<\/p>\n","protected":false},"excerpt":{"rendered":"<p>Tras analizar la situaci\u00f3n en 80 pa\u00edses, el Fondo de la ONU para la Infancia, UNICEF, ha lanzado la voz de alarma y ha atribuido este aumento a las pocas opciones que tienen de emigrar por v\u00edas legales &nbsp; &nbsp; &nbsp; &nbsp; &nbsp; UNICEF ha instado a los gobiernos a actuar ya para garantizar la seguridad de estos ni\u00f1os. \u201cSabemos por nuestra experiencia al trabajar sobre el terreno en el norte de \u00c1frica, en Centroam\u00e9rica y en parte de Asia o de Europa, en pa\u00edses como Italia, Grecia o Bulgaria,&#8230;<\/p>\n","protected":false},"author":3,"featured_media":11884,"comment_status":"closed","ping_status":"closed","sticky":false,"template":"","format":"standard","meta":[],"categories":[4],"tags":[],"_links":{"self":[{"href":"https:\/\/www.actualidadadiario.com\/index.php\/wp-json\/wp\/v2\/posts\/11883"}],"collection":[{"href":"https:\/\/www.actualidadadiario.com\/index.php\/wp-json\/wp\/v2\/posts"}],"about":[{"href":"https:\/\/www.actualidadadiario.com\/index.php\/wp-json\/wp\/v2\/types\/post"}],"author":[{"embeddable":true,"href":"https:\/\/www.actualidadadiario.com\/index.php\/wp-json\/wp\/v2\/users\/3"}],"replies":[{"embeddable":true,"href":"https:\/\/www.actualidadadiario.com\/index.php\/wp-json\/wp\/v2\/comments?post=11883"}],"version-history":[{"count":1,"href":"https:\/\/www.actualidadadiario.com\/index.php\/wp-json\/wp\/v2\/posts\/11883\/revisions"}],"predecessor-version":[{"id":11885,"href":"https:\/\/www.actualidadadiario.com\/index.php\/wp-json\/wp\/v2\/posts\/11883\/revisions\/11885"}],"wp:featuredmedia":[{"embeddable":true,"href":"https:\/\/www.actualidadadiario.com\/index.php\/wp-json\/wp\/v2\/media\/11884"}],"wp:attachment":[{"href":"https:\/\/www.actualidadadiario.com\/index.php\/wp-json\/wp\/v2\/media?parent=11883"}],"wp:term":[{"taxonomy":"category","embeddable":true,"href":"https:\/\/www.actualidadadiario.com\/index.php\/wp-json\/wp\/v2\/categories?post=11883"},{"taxonomy":"post_tag","embeddable":true,"href":"https:\/\/www.actualidadadiario.com\/index.php\/wp-json\/wp\/v2\/tags?post=11883"}],"curies":[{"name":"wp","href":"https:\/\/api.w.org\/{rel}","templated":true}]}}