{"id":11880,"date":"2017-05-19T10:21:31","date_gmt":"2017-05-19T13:21:31","guid":{"rendered":"http:\/\/actualidadadiario.com\/site\/?p=11880"},"modified":"2017-05-19T10:21:31","modified_gmt":"2017-05-19T13:21:31","slug":"trump-inicia-en-medio-oriente-su-primera-gira-como-presidente","status":"publish","type":"post","link":"https:\/\/www.actualidadadiario.com\/index.php\/2017\/05\/19\/trump-inicia-en-medio-oriente-su-primera-gira-como-presidente\/","title":{"rendered":"Trump inicia en Medio Oriente su primera gira como presidente"},"content":{"rendered":"<p><em><strong>El presidente de Estados Unidos, Donald Trump, inicia hoy una gira oficial a Oriente Medio y Europa con la expectativa de poder hacer una pausa de las controversias dom\u00e9sticas que han afectado a su Gobierno, enfoc\u00e1ndose en la agenda de pol\u00edtica exterior de la Casa Blanca<\/strong><\/em><\/p>\n<p>&nbsp;<\/p>\n<p>&nbsp;<\/p>\n<p>&nbsp;<\/p>\n<p>&nbsp;<\/p>\n<p>&nbsp;<\/p>\n<p>&nbsp;<\/p>\n<p>Trump volar\u00e1 a Arabia Saudita por la tarde y la pr\u00f3xima semana pasar\u00e1 por Israel, B\u00e9lgica e Italia. El viaje fue anunciado como una oportunidad para visitar lugares sagrados para tres de las principales religiones del mundo, as\u00ed como reunirse cara a cara con l\u00edderes \u00e1rabes, israel\u00edes y europeos.<\/p>\n<p>&nbsp;<\/p>\n<p>Pero la controversia sobre la decisi\u00f3n de Trump de despedir al exdirector del FBI James Comey, las acusaciones de que lo presion\u00f3 para que dejara de investigar al exasesor de Seguridad Nacional Michael Flynn y la designaci\u00f3n de un abogado especial para examinar una posible interferencia rusa en las elecciones del 2016 amenazan con ensombrecer su viaje.<\/p>\n<p>&nbsp;<\/p>\n<p>El primer viaje de Trump al extranjero desde que asumi\u00f3 la presidencia en enero podr\u00eda no ayudar a que el esc\u00e1ndalo quede atr\u00e1s. Trump ser\u00eda bienvenido en Riad y Jerusal\u00e9n, pero sus posturas sobre el acuerdo nuclear de Ir\u00e1n, la alianza militar OTAN y el acuerdo de Par\u00eds sobre el cambio clim\u00e1tico podr\u00edan generar tensiones con sus pares europeos.<\/p>\n<p>&nbsp;<\/p>\n<p>&#8220;Siempre es cierto que cuando un presidente viaja al extranjero en una visita importante (&#8230;) eso domina las noticias (&#8230;) Ya sea por accidente o no, esto lo ayudar\u00e1 un poco en t\u00e9rminos de lo que pasa con Rusia&#8221;, dijo el estratega republicano Charlie Black.<\/p>\n","protected":false},"excerpt":{"rendered":"<p>El presidente de Estados Unidos, Donald Trump, inicia hoy una gira oficial a Oriente Medio y Europa con la expectativa de poder hacer una pausa de las controversias dom\u00e9sticas que han afectado a su Gobierno, enfoc\u00e1ndose en la agenda de pol\u00edtica exterior de la Casa Blanca &nbsp; &nbsp; &nbsp; &nbsp; &nbsp; &nbsp; Trump volar\u00e1 a Arabia Saudita por la tarde y la pr\u00f3xima semana pasar\u00e1 por Israel, B\u00e9lgica e Italia. El viaje fue anunciado como una oportunidad para visitar lugares sagrados para tres de las principales religiones del mundo, as\u00ed&#8230;<\/p>\n","protected":false},"author":3,"featured_media":11881,"comment_status":"closed","ping_status":"closed","sticky":false,"template":"","format":"standard","meta":[],"categories":[4],"tags":[],"_links":{"self":[{"href":"https:\/\/www.actualidadadiario.com\/index.php\/wp-json\/wp\/v2\/posts\/11880"}],"collection":[{"href":"https:\/\/www.actualidadadiario.com\/index.php\/wp-json\/wp\/v2\/posts"}],"about":[{"href":"https:\/\/www.actualidadadiario.com\/index.php\/wp-json\/wp\/v2\/types\/post"}],"author":[{"embeddable":true,"href":"https:\/\/www.actualidadadiario.com\/index.php\/wp-json\/wp\/v2\/users\/3"}],"replies":[{"embeddable":true,"href":"https:\/\/www.actualidadadiario.com\/index.php\/wp-json\/wp\/v2\/comments?post=11880"}],"version-history":[{"count":1,"href":"https:\/\/www.actualidadadiario.com\/index.php\/wp-json\/wp\/v2\/posts\/11880\/revisions"}],"predecessor-version":[{"id":11882,"href":"https:\/\/www.actualidadadiario.com\/index.php\/wp-json\/wp\/v2\/posts\/11880\/revisions\/11882"}],"wp:featuredmedia":[{"embeddable":true,"href":"https:\/\/www.actualidadadiario.com\/index.php\/wp-json\/wp\/v2\/media\/11881"}],"wp:attachment":[{"href":"https:\/\/www.actualidadadiario.com\/index.php\/wp-json\/wp\/v2\/media?parent=11880"}],"wp:term":[{"taxonomy":"category","embeddable":true,"href":"https:\/\/www.actualidadadiario.com\/index.php\/wp-json\/wp\/v2\/categories?post=11880"},{"taxonomy":"post_tag","embeddable":true,"href":"https:\/\/www.actualidadadiario.com\/index.php\/wp-json\/wp\/v2\/tags?post=11880"}],"curies":[{"name":"wp","href":"https:\/\/api.w.org\/{rel}","templated":true}]}}