{"id":11877,"date":"2017-05-19T10:20:48","date_gmt":"2017-05-19T13:20:48","guid":{"rendered":"http:\/\/actualidadadiario.com\/site\/?p=11877"},"modified":"2017-05-19T10:20:48","modified_gmt":"2017-05-19T13:20:48","slug":"suecia-cerro-la-investigacion-por-violacion-contra-assange-pero-aun-pueden-detenerlo","status":"publish","type":"post","link":"https:\/\/www.actualidadadiario.com\/index.php\/2017\/05\/19\/suecia-cerro-la-investigacion-por-violacion-contra-assange-pero-aun-pueden-detenerlo\/","title":{"rendered":"Suecia cerr\u00f3 la investigaci\u00f3n por violaci\u00f3n contra Assange pero a\u00fan pueden detenerlo"},"content":{"rendered":"<p><em><strong>La Fiscal\u00eda sueca anunci\u00f3 el cierre de la investigaci\u00f3n preliminar abierta en 2010 contra el fundador de WikiLeaks, Julian Assange, por un supuesto delito de violaci\u00f3n, lo que supone el levantamiento de la orden de arresto internacional contra el periodista, que est\u00e1 refugiado en la embajada de Ecuador en Londres<\/strong><\/em><\/p>\n<p>&nbsp;<\/p>\n<p>&nbsp;<\/p>\n<p>&nbsp;<\/p>\n<p>&nbsp;<\/p>\n<p>&nbsp;<\/p>\n<p>Pese al fallo, la polic\u00eda brit\u00e1nica advirti\u00f3 que Assange ser\u00e1 detenido si sale de la embajada de Ecuador en Londres porque est\u00e1 obligada a cumplir con la orden de arresto emitida en su d\u00eda por la Corte de Magistrados de Londres, en virtud de la solicitud de extradici\u00f3n de Suecia, y que todav\u00eda est\u00e1 vigente.<\/p>\n<p>&nbsp;<\/p>\n<p>El proceso en Suecia llev\u00f3 a Assange a refugiarse hace casi cinco a\u00f1os en la embajada ecuatoriana en Londres para evitar su extradici\u00f3n al pa\u00eds n\u00f3rdico, por considerar que la intenci\u00f3n de Suecia era extraditarlo a Estados Unidos para ser juzgado por las filtraciones de documentos secretos norteamericanos por WikiLeaks.<\/p>\n<p>&nbsp;<\/p>\n<p>Apenas se conoci\u00f3 la decisi\u00f3n de la Fiscal\u00eda sueca, WikiLeaks colg\u00f3 en su perfil de Twitter un mensaje que dice que el Reino Unido se niega a &#8220;confirmar o desmentir&#8221; si ha recibido ya una demanda estadounidense para la extradici\u00f3n de Assange, de 45 a\u00f1os.<\/p>\n<p>&nbsp;<\/p>\n<p>El periodista y ciberactivista australiano, por su parte, colg\u00f3 en su cuenta de la red social Twitter una foto suya en la que se le ve relajado, vestido con ropa deportiva y con una gran sonrisa.<\/p>\n<p>&nbsp;<\/p>\n<p>&#8220;La fiscal jefe Marianne Ny ha decidido hoy cerrar la investigaci\u00f3n a Juli\u00e1n Assange en relaci\u00f3n con la supuesta violaci\u00f3n (grado menor)&#8221;, dijo la Fiscal\u00eda sueca en un breve comunicado. La defensa de Assange hab\u00eda pedido hace dos semanas ante un juzgado de Estocolmo que le fuera levantada la orden de arresto, apelando a declaraciones del Departamento de Justicia de Estados Unidos sobre la posibilidad de presentar cargos contra \u00e9l por su rol en el supuesto robo de informaci\u00f3n clasificada.<\/p>\n<p>&nbsp;<\/p>\n<p>La Fiscal\u00eda deb\u00eda pronunciarse hoy sobre esa petici\u00f3n, adem\u00e1s de informar de la investigaci\u00f3n, dos meses despu\u00e9s de haber finalizado la traducci\u00f3n del interrogatorio realizado en noviembre por el fiscal ecuatoriano Wilson Toainga a Assange.<\/p>\n<p>&nbsp;<\/p>\n<p>&#8220;Considerando que todas las posibilidades de hacer avanzar la investigaci\u00f3n est\u00e1n agotadas, no parece proporcional -en base al criterio del Tribunal Supremo- mantener la decisi\u00f3n de arresto contra Assange ni la orden internacional&#8221;, se\u00f1al\u00f3 Ny en el escrito presentado ante el juzgado, reproducido por medios suecos.<\/p>\n<p>&nbsp;<\/p>\n<p>La defensa de Assange hab\u00eda pedido en dos ocasiones cerrar el caso: en junio de 2014, apelando a la paralizaci\u00f3n del proceso; y en febrero del a\u00f1o pasado, despu\u00e9s de que un grupo de trabajo de la ONU concluyera que la detenci\u00f3n del periodista era arbitraria. En ambos casos el tribunal rechaz\u00f3 la petici\u00f3n argumentando que Assange segu\u00eda siendo sospechoso y que se manten\u00eda el riesgo de que quisiera evitar un juicio o una hipot\u00e9tica pena.<\/p>\n<p>&nbsp;<\/p>\n<p>Assange fue interrogado en Londres sobre un listado de preguntas elaborado por Estocolmo y en presencia de dos funcionarias suecas, siguiendo un acuerdo alcanzado meses antes entre Ecuador y Suecia.<\/p>\n<p>&nbsp;<\/p>\n<p>En el interrogatorio, seg\u00fan la declaraci\u00f3n divulgada por \u00e9l mismo, reiter\u00f3 su inocencia por el delito sexual que se le atribu\u00eda y denunci\u00f3 lo &#8220;abusivo&#8221; del caso, que abarcaba cuatro delitos sexuales, reducidos a uno despu\u00e9s de que tres prescribieron. Ese delito de violaci\u00f3n &#8220;en grado menor&#8221; a una joven mientras dorm\u00eda continuaba vigente hasta 2020.<\/p>\n<p>&nbsp;<\/p>\n<p>Assange fue detenido por la polic\u00eda brit\u00e1nica en diciembre de 2010, y a partir de ah\u00ed comenz\u00f3 un proceso judicial que culmin\u00f3 en junio de 2012, cuando la Corte de Londres reafirm\u00f3 la extradici\u00f3n a Suecia y el periodista se refugi\u00f3 en la legaci\u00f3n ecuatoriana. El pr\u00f3ximo 19 de junio, Assange, que ha negado siempre las acusaciones contra \u00e9l, cumplir\u00e1 cinco a\u00f1os asilado en la embajada.<\/p>\n","protected":false},"excerpt":{"rendered":"<p>La Fiscal\u00eda sueca anunci\u00f3 el cierre de la investigaci\u00f3n preliminar abierta en 2010 contra el fundador de WikiLeaks, Julian Assange, por un supuesto delito de violaci\u00f3n, lo que supone el levantamiento de la orden de arresto internacional contra el periodista, que est\u00e1 refugiado en la embajada de Ecuador en Londres &nbsp; &nbsp; &nbsp; &nbsp; &nbsp; Pese al fallo, la polic\u00eda brit\u00e1nica advirti\u00f3 que Assange ser\u00e1 detenido si sale de la embajada de Ecuador en Londres porque est\u00e1 obligada a cumplir con la orden de arresto emitida en su d\u00eda por&#8230;<\/p>\n","protected":false},"author":3,"featured_media":11878,"comment_status":"closed","ping_status":"closed","sticky":false,"template":"","format":"standard","meta":[],"categories":[4],"tags":[],"_links":{"self":[{"href":"https:\/\/www.actualidadadiario.com\/index.php\/wp-json\/wp\/v2\/posts\/11877"}],"collection":[{"href":"https:\/\/www.actualidadadiario.com\/index.php\/wp-json\/wp\/v2\/posts"}],"about":[{"href":"https:\/\/www.actualidadadiario.com\/index.php\/wp-json\/wp\/v2\/types\/post"}],"author":[{"embeddable":true,"href":"https:\/\/www.actualidadadiario.com\/index.php\/wp-json\/wp\/v2\/users\/3"}],"replies":[{"embeddable":true,"href":"https:\/\/www.actualidadadiario.com\/index.php\/wp-json\/wp\/v2\/comments?post=11877"}],"version-history":[{"count":1,"href":"https:\/\/www.actualidadadiario.com\/index.php\/wp-json\/wp\/v2\/posts\/11877\/revisions"}],"predecessor-version":[{"id":11879,"href":"https:\/\/www.actualidadadiario.com\/index.php\/wp-json\/wp\/v2\/posts\/11877\/revisions\/11879"}],"wp:featuredmedia":[{"embeddable":true,"href":"https:\/\/www.actualidadadiario.com\/index.php\/wp-json\/wp\/v2\/media\/11878"}],"wp:attachment":[{"href":"https:\/\/www.actualidadadiario.com\/index.php\/wp-json\/wp\/v2\/media?parent=11877"}],"wp:term":[{"taxonomy":"category","embeddable":true,"href":"https:\/\/www.actualidadadiario.com\/index.php\/wp-json\/wp\/v2\/categories?post=11877"},{"taxonomy":"post_tag","embeddable":true,"href":"https:\/\/www.actualidadadiario.com\/index.php\/wp-json\/wp\/v2\/tags?post=11877"}],"curies":[{"name":"wp","href":"https:\/\/api.w.org\/{rel}","templated":true}]}}