{"id":11874,"date":"2017-05-19T10:20:02","date_gmt":"2017-05-19T13:20:02","guid":{"rendered":"http:\/\/actualidadadiario.com\/site\/?p=11874"},"modified":"2017-05-19T10:20:02","modified_gmt":"2017-05-19T13:20:02","slug":"la-iglesia-puso-en-marcha-el-protocolo-para-consultar-archivos-de-la-dictadura","status":"publish","type":"post","link":"https:\/\/www.actualidadadiario.com\/index.php\/2017\/05\/19\/la-iglesia-puso-en-marcha-el-protocolo-para-consultar-archivos-de-la-dictadura\/","title":{"rendered":"La Iglesia puso en marcha el protocolo para consultar archivos de la dictadura"},"content":{"rendered":"<p><em><strong>La Conferencia Episcopal Argentina (CEA) anunci\u00f3 la aprobaci\u00f3n de un protocolo para que v\u00edctimas y familiares directos de desaparecidos durante la \u00faltima dictadura c\u00edvico-militar puedan consultar los archivos que posee la Iglesia sobre esa etapa, luego de que en octubre del a\u00f1o pasado se anunciara que hab\u00eda concluido la digitalizaci\u00f3n de esos documentos<\/strong><\/em><\/p>\n<p>&nbsp;<\/p>\n<p>&nbsp;<\/p>\n<p>&nbsp;<\/p>\n<p>&nbsp;<\/p>\n<p>&nbsp;<\/p>\n<p>&#8220;Con este protocolo se inicia la posibilidad de consultas y, de acuerdo a lo anunciado oportunamente, podr\u00e1n solicitar informaci\u00f3n las v\u00edctimas, los familiares de los desaparecidos y detenidos y, en caso de eclesi\u00e1sticos y religiosos, sus respectivos obispos y superiores mayores&#8221;, precis\u00f3 el Episcopado en un comunicado de prensa, en el que se aclar\u00f3 que la consulta &#8220;se realizar\u00e1 sobre el material donde aparece mencionada la persona sobre la cual se busca informaci\u00f3n&#8221;.<\/p>\n<p>&nbsp;<\/p>\n<p>Se trata de unas 3.000 cartas y documentos que se conservan en el Episcopado, en la Nunciatura Apost\u00f3lica y en la secretaria de Estado en la Santa Sede, sobre pedidos que llegaron a la Iglesia para conocer el paradero de detenidos y desaparecidos durante la dictadura y reclamar gestiones ante los militares.<\/p>\n<p>&nbsp;<\/p>\n<p>Por una decisi\u00f3n impulsada en forma conjunta por el Vaticano y la CEA, en octubre del a\u00f1o pasado se hab\u00eda anunciado la finalizaci\u00f3n del &#8220;proceso de organizaci\u00f3n y digitalizaci\u00f3n&#8221; de sus archivos de la dictadura y, ahora, con la aprobaci\u00f3n del procedimiento, los interesados podr\u00e1n comenzar a realizar las consultas correspondientes.<\/p>\n","protected":false},"excerpt":{"rendered":"<p>La Conferencia Episcopal Argentina (CEA) anunci\u00f3 la aprobaci\u00f3n de un protocolo para que v\u00edctimas y familiares directos de desaparecidos durante la \u00faltima dictadura c\u00edvico-militar puedan consultar los archivos que posee la Iglesia sobre esa etapa, luego de que en octubre del a\u00f1o pasado se anunciara que hab\u00eda concluido la digitalizaci\u00f3n de esos documentos &nbsp; &nbsp; &nbsp; &nbsp; &nbsp; &#8220;Con este protocolo se inicia la posibilidad de consultas y, de acuerdo a lo anunciado oportunamente, podr\u00e1n solicitar informaci\u00f3n las v\u00edctimas, los familiares de los desaparecidos y detenidos y, en caso de&#8230;<\/p>\n","protected":false},"author":3,"featured_media":11875,"comment_status":"closed","ping_status":"closed","sticky":false,"template":"","format":"standard","meta":[],"categories":[4],"tags":[],"_links":{"self":[{"href":"https:\/\/www.actualidadadiario.com\/index.php\/wp-json\/wp\/v2\/posts\/11874"}],"collection":[{"href":"https:\/\/www.actualidadadiario.com\/index.php\/wp-json\/wp\/v2\/posts"}],"about":[{"href":"https:\/\/www.actualidadadiario.com\/index.php\/wp-json\/wp\/v2\/types\/post"}],"author":[{"embeddable":true,"href":"https:\/\/www.actualidadadiario.com\/index.php\/wp-json\/wp\/v2\/users\/3"}],"replies":[{"embeddable":true,"href":"https:\/\/www.actualidadadiario.com\/index.php\/wp-json\/wp\/v2\/comments?post=11874"}],"version-history":[{"count":1,"href":"https:\/\/www.actualidadadiario.com\/index.php\/wp-json\/wp\/v2\/posts\/11874\/revisions"}],"predecessor-version":[{"id":11876,"href":"https:\/\/www.actualidadadiario.com\/index.php\/wp-json\/wp\/v2\/posts\/11874\/revisions\/11876"}],"wp:featuredmedia":[{"embeddable":true,"href":"https:\/\/www.actualidadadiario.com\/index.php\/wp-json\/wp\/v2\/media\/11875"}],"wp:attachment":[{"href":"https:\/\/www.actualidadadiario.com\/index.php\/wp-json\/wp\/v2\/media?parent=11874"}],"wp:term":[{"taxonomy":"category","embeddable":true,"href":"https:\/\/www.actualidadadiario.com\/index.php\/wp-json\/wp\/v2\/categories?post=11874"},{"taxonomy":"post_tag","embeddable":true,"href":"https:\/\/www.actualidadadiario.com\/index.php\/wp-json\/wp\/v2\/tags?post=11874"}],"curies":[{"name":"wp","href":"https:\/\/api.w.org\/{rel}","templated":true}]}}