{"id":11871,"date":"2017-05-19T10:19:11","date_gmt":"2017-05-19T13:19:11","guid":{"rendered":"http:\/\/actualidadadiario.com\/site\/?p=11871"},"modified":"2017-05-19T10:19:11","modified_gmt":"2017-05-19T13:19:11","slug":"asi-fue-el-dialogo-entre-temer-y-el-empresario","status":"publish","type":"post","link":"https:\/\/www.actualidadadiario.com\/index.php\/2017\/05\/19\/asi-fue-el-dialogo-entre-temer-y-el-empresario\/","title":{"rendered":"As\u00ed fue el di\u00e1logo entre Temer y el empresario"},"content":{"rendered":"<p><em><strong>El presidente de Brasil, Michel Temer, es acusado de corrupci\u00f3n en un esc\u00e1ndalo que podr\u00eda costarle el cargo que asumi\u00f3 hace apenas un a\u00f1o por la suspensi\u00f3n y posterior destituci\u00f3n de Dilma Rousseff<\/strong><\/em><\/p>\n<p>&nbsp;<\/p>\n<p>&nbsp;<\/p>\n<p>&nbsp;<\/p>\n<p>&nbsp;<\/p>\n<p>Las acusaciones se apoyan en la grabaci\u00f3n de una conversaci\u00f3n de marzo entre Temer y el empresario Joesley Batista, propietario de la procesadora de alimentos JBS. El audio de la charla fue grabado y presentado por el propio Batista en una denuncia ante la Justicia.<\/p>\n<p>&nbsp;<\/p>\n<p>Los detalles conocidos hasta ahora fueron revelados por &#8220;O Globo&#8221; el mi\u00e9rcoles&#8221;. Seg\u00fan el diario, en el audio se escucha a Temer avalar el pago de un soborno al otrora poderoso ex presidente de la C\u00e1mara de Diputados Eduardo Cunha, hoy preso por la operaci\u00f3n &#8220;Lava Jato&#8221;, para que \u00e9ste no hable desde la prisi\u00f3n sobre la corrupci\u00f3n pol\u00edtica.<\/p>\n<p>&nbsp;<\/p>\n<p><strong>Joesley Batista:<\/strong> &#8220;Quer\u00eda primero decirle: estamos juntos aqu\u00ed. Lo que usted necesite de m\u00ed, s\u00f3lo tiene que dec\u00edrmelo. Quer\u00eda o\u00edrte un poco, presidente. Como est\u00e1 en toda esta situaci\u00f3n, Eduardo, no s\u00e9 qu\u00e9, Lava Jato&#8230;<\/p>\n<p>&nbsp;<\/p>\n<p><strong>Temer:<\/strong> Eduardo decidi\u00f3 fustigarme. T\u00fa viste que&#8230;no tengo nada que ver con la defensa. (&#8230;) Yo no hice nada.<\/p>\n<p>&nbsp;<\/p>\n<p><strong>Batista:<\/strong> Dentro de lo posible, yo hice lo m\u00e1ximo que se pudo ah\u00ed, dej\u00e9 todo saldado, lo que ten\u00eda pendiente aqu\u00ed o all\u00e1, acab\u00e9 con eso. Y \u00e9l fue directo al grano, reclam\u00f3, tal, tal (&#8230;) (El exministro) Geddel (Vieira Lima, a cargo de la articulaci\u00f3n pol\u00edtica del gobierno Temer) es el que siempre andaba ah\u00ed, pero Geddel tambi\u00e9n, con ese asunto, perd\u00ed el contacto porque \u00e9l ahora est\u00e1 siendo investigado, y ahora no puedo tampoco&#8230;no puedo quedar con \u00e9l.<\/p>\n<p>&nbsp;<\/p>\n<p><strong>Temer:<\/strong> S\u00ed, cuidado, ve con cuidado (inaudible) obstrucci\u00f3n de la Justicia (&#8230;)<\/p>\n<p>&nbsp;<\/p>\n<p><strong>Joesley Batista:<\/strong> (&#8230;) Yo estoy de buenas con Eduardo [Cunha]<\/p>\n<p>&nbsp;<\/p>\n<p><strong>Temer:<\/strong> Tienes que mantener eso, \u00bfok?<\/p>\n<p>&nbsp;<\/p>\n<p><strong>Joesley Batista:<\/strong> Todos los meses trato de mantener las cosas bajo control, estoy en esas. Y con todo ese proceso&#8230; yo estoy tambi\u00e9n en una situaci\u00f3n medio comprometedora en ese proceso.<\/p>\n<p>&nbsp;<\/p>\n<p>Las pruebas presentadas antes la fiscal\u00eda y el Tribunal Supremo incluyen un video en el que Rodrigo Rocha, diputado y designado por Temer para atender los &#8220;asuntos&#8221; de JBS, recibe una maleta de dinero por valor de unos 160.000 d\u00f3lares, seg\u00fan &#8220;Globo&#8221;.<\/p>\n<p>&nbsp;<\/p>\n<p>La motivaci\u00f3n de Batista para hacer la denuncia no estaba clara. JBS, el mayor productor de carne del mundo, pagaba presuntamente sobornos al partido de Temer, el conservador PMDB, para tener su apoyo pol\u00edtico.<\/p>\n<p>&nbsp;<\/p>\n<p>El nuevo esc\u00e1ndalo est\u00e1 vinculado con el caso &#8220;Lava Jato&#8221; (&#8220;Lavado de autos&#8221;), que investiga desde hace m\u00e1s de tres a\u00f1os una inmensa red de corrupci\u00f3n pol\u00edtica en torno a la petrolera estatal Petrobras.<\/p>\n","protected":false},"excerpt":{"rendered":"<p>El presidente de Brasil, Michel Temer, es acusado de corrupci\u00f3n en un esc\u00e1ndalo que podr\u00eda costarle el cargo que asumi\u00f3 hace apenas un a\u00f1o por la suspensi\u00f3n y posterior destituci\u00f3n de Dilma Rousseff &nbsp; &nbsp; &nbsp; &nbsp; Las acusaciones se apoyan en la grabaci\u00f3n de una conversaci\u00f3n de marzo entre Temer y el empresario Joesley Batista, propietario de la procesadora de alimentos JBS. El audio de la charla fue grabado y presentado por el propio Batista en una denuncia ante la Justicia. &nbsp; Los detalles conocidos hasta ahora fueron revelados&#8230;<\/p>\n","protected":false},"author":3,"featured_media":11872,"comment_status":"closed","ping_status":"closed","sticky":false,"template":"","format":"standard","meta":[],"categories":[4],"tags":[],"_links":{"self":[{"href":"https:\/\/www.actualidadadiario.com\/index.php\/wp-json\/wp\/v2\/posts\/11871"}],"collection":[{"href":"https:\/\/www.actualidadadiario.com\/index.php\/wp-json\/wp\/v2\/posts"}],"about":[{"href":"https:\/\/www.actualidadadiario.com\/index.php\/wp-json\/wp\/v2\/types\/post"}],"author":[{"embeddable":true,"href":"https:\/\/www.actualidadadiario.com\/index.php\/wp-json\/wp\/v2\/users\/3"}],"replies":[{"embeddable":true,"href":"https:\/\/www.actualidadadiario.com\/index.php\/wp-json\/wp\/v2\/comments?post=11871"}],"version-history":[{"count":1,"href":"https:\/\/www.actualidadadiario.com\/index.php\/wp-json\/wp\/v2\/posts\/11871\/revisions"}],"predecessor-version":[{"id":11873,"href":"https:\/\/www.actualidadadiario.com\/index.php\/wp-json\/wp\/v2\/posts\/11871\/revisions\/11873"}],"wp:featuredmedia":[{"embeddable":true,"href":"https:\/\/www.actualidadadiario.com\/index.php\/wp-json\/wp\/v2\/media\/11872"}],"wp:attachment":[{"href":"https:\/\/www.actualidadadiario.com\/index.php\/wp-json\/wp\/v2\/media?parent=11871"}],"wp:term":[{"taxonomy":"category","embeddable":true,"href":"https:\/\/www.actualidadadiario.com\/index.php\/wp-json\/wp\/v2\/categories?post=11871"},{"taxonomy":"post_tag","embeddable":true,"href":"https:\/\/www.actualidadadiario.com\/index.php\/wp-json\/wp\/v2\/tags?post=11871"}],"curies":[{"name":"wp","href":"https:\/\/api.w.org\/{rel}","templated":true}]}}