{"id":11868,"date":"2017-05-19T10:18:22","date_gmt":"2017-05-19T13:18:22","guid":{"rendered":"http:\/\/actualidadadiario.com\/site\/?p=11868"},"modified":"2017-05-19T10:18:22","modified_gmt":"2017-05-19T13:18:22","slug":"no-voy-a-renunciar-desafio-temer-pero-sigue-en-la-cornisa","status":"publish","type":"post","link":"https:\/\/www.actualidadadiario.com\/index.php\/2017\/05\/19\/no-voy-a-renunciar-desafio-temer-pero-sigue-en-la-cornisa\/","title":{"rendered":"&#8220;\u00a1No voy a renunciar!&#8221;, desafi\u00f3 Temer, pero sigue en la cornisa"},"content":{"rendered":"<p><em><strong>La revelaci\u00f3n exacerb\u00f3 los \u00e1nimos: hubo marchas y disturbios. El Presidente dijo que la tormenta pone freno a la recuperaci\u00f3n de la econom\u00eda. La colaboraci\u00f3n del due\u00f1o del frigor\u00edfico JBS tambi\u00e9n afectar\u00e1 a Lula da Silva, a Dilma Rousseff y a otros l\u00edderes<\/strong><\/em><\/p>\n<p>&nbsp;<\/p>\n<p>&nbsp;<\/p>\n<p>&nbsp;<\/p>\n<p>&nbsp;<\/p>\n<p>El presidente brasile\u00f1o, Michel Temer, se aferr\u00f3 ayer a su cargo pese a las graves acusaciones de corrupci\u00f3n lanzadas en su contra y a la erosi\u00f3n de su base aliada. Todo en un ambiente de m\u00e1xima tensi\u00f3n y cuando las manifestaciones en reclamo de elecciones anticipadas comenzaban a producirse en todo el pa\u00eds.<\/p>\n<p>&nbsp;<\/p>\n<p>&#8220;\u00a1No voy a renunciar! -repito- \u00a1no voy a renunciar!&#8230;&#8221;, exclam\u00f3 en tono subido el mandatario en un mensaje televisado, despu\u00e9s que el Supremo Tribunal Federal (STF) decidiera abrir una investigaci\u00f3n en su contra en base a la denuncia conocida el mi\u00e9rcoles por la noche.<\/p>\n<p>&nbsp;<\/p>\n<p>El detonante de la nueva crisis se sit\u00faa otra vez en las confesiones de empresarios acusados de haber pagado sobornos a cambio de favores pol\u00edticos. En este caso, Temer fue grabado por el presidente de los frigor\u00edficos JBS, Joesley Batista, en la propia residencia oficial, ocasi\u00f3n en la que el presidente aval\u00f3 la compra, pagos mensuales mediante, del silencio del expresidente de la C\u00e1mara de Diputados, Eduardo Cunha, en prisi\u00f3n en el marco de la operaci\u00f3n &#8220;Lava Jato'&#8221;(lavadero de autos). En el audio, divulgado anoche, se escucha a Batista decir: &#8220;Lo que m\u00e1s o menos di cuenta de hacer hasta ahora, \u00bfestoy bien con Eduardo, \u00bfok?&#8221;. En ese momento, Temer concuerda: &#8220;\u00bfTiene que mantener eso, \u00bfvio?&#8221;. Bautista complementa: &#8220;Cada mes&#8221;.<\/p>\n<p>&nbsp;<\/p>\n<p>Pero la tormenta no s\u00f3lo alcanza a Temer: de acuerdo con versiones de prensa, las delaciones del poderoso empresario tambi\u00e9n alcanzar\u00edan a los expresidentes Luiz In\u00e1cio Lula da Silva y Dilma Rousseff, al exjefe del Senado Ren\u00e1n Calheiros y a quien hasta hace meses se desempe\u00f1\u00f3 como canciller, Jos\u00e9 Serra.<\/p>\n<p>&nbsp;<\/p>\n<p>El presidente, con una popularidad de apenas el 8% antes del esc\u00e1ndalo, asegur\u00f3 ser inocente y reivindic\u00f3 el &#8220;optimismo&#8221; generado por su gesti\u00f3n, que pretende sacar a Brasil de la peor recesi\u00f3n de su historia con planes de austeridad y reformas pro-mercado.<\/p>\n<p>&nbsp;<\/p>\n<p>Pero una &#8220;grabaci\u00f3n clandestina trajo de nuevo el fantasma de una crisis pol\u00edtica de proporciones a\u00fan no dimensionadas&#8221;, lament\u00f3 Temer. &#8220;No podemos tirar a la basura de la historia tanto trabajo en pos del pa\u00eds&#8221;, reclam\u00f3 el mandatario, del conservador PMDB que, mientras siga en el poder mantendr\u00e1 los fueros que le evitar\u00e1n ser juzgado por la m\u00e1s diligente Justicia ordinaria.<\/p>\n<p>&nbsp;<\/p>\n<p>Mientras los partidos aliados estudian si le mantienen el apoyo, el ministro de Cultura, Roberto Freire, del Partido Popular Socialista (PPS), renunci\u00f3 a su cargo. Lo mismo hizo Bruno Ara\u00fajo, ministro de Ciudades. Asimismo, los dirigentes del principal partido aliado de Temer en el Congreso, el PSDB, advirtieron que si las acusaciones resultan ciertas exigir\u00e1n la renuncia de tres de sus miembros que est\u00e1n en el gabinete.<\/p>\n<p>&nbsp;<\/p>\n<p>Entretanto, ocho legisladores ya presentaron pedidos de &#8216;impeachment&#8217; y varios partidos, incluyendo algunos que votaron por la destituci\u00f3n de Rousseff, se aprestan a pedir el mismo tratamiento contra Temer, que se propone entregar el mando a quien gane las presidenciales de octubre de 2018.<\/p>\n<p>&nbsp;<\/p>\n<p>En las calles, miles de personas marchaban anoche en San Pablo y R\u00edo de Janeiro al grito de &#8220;\u00a1Fora Temer!&#8221; y tambi\u00e9n de elecciones &#8220;\u00a1Directas ya!&#8221;, una consigna que moviliz\u00f3 masivamente a los brasile\u00f1os al finalizar la dictadura militar (1964-1985).<\/p>\n<p>&nbsp;<\/p>\n<p>La situaci\u00f3n era especialmente tensa en R\u00edo, donde la Polic\u00eda emple\u00f3 gases lacrim\u00f3genos para dispersar a los manifestantes, que les respond\u00edan con piedras. Al menos una persona result\u00f3 herida, seg\u00fan im\u00e1genes del canal Globo News. El domingo est\u00e1n convocadas grandes marchas en todo el pa\u00eds.<\/p>\n<p>&nbsp;<\/p>\n<p>La agitaci\u00f3n judicial, pol\u00edtica, social y econ\u00f3mica genera todo tipo de especulaciones sobre el desenlace de esta crisis fulgurante. Aunque Temer anunci\u00f3 que no dimitir\u00e1, la presunci\u00f3n de que eso ser\u00e1 inevitable sigue predominando entre los analistas.<\/p>\n<p>&nbsp;<\/p>\n<p>La Constituci\u00f3n prev\u00e9 que en caso de acefal\u00eda durante la segunda mitad de un mandato, el Congreso elija un nombre para completarlo. Una perspectiva preocupante, dado el elevado n\u00famero de legisladores bajo sospecha de corrupci\u00f3n. En tanto, crecen los movimientos para adelantar los comicios.<\/p>\n","protected":false},"excerpt":{"rendered":"<p>La revelaci\u00f3n exacerb\u00f3 los \u00e1nimos: hubo marchas y disturbios. El Presidente dijo que la tormenta pone freno a la recuperaci\u00f3n de la econom\u00eda. La colaboraci\u00f3n del due\u00f1o del frigor\u00edfico JBS tambi\u00e9n afectar\u00e1 a Lula da Silva, a Dilma Rousseff y a otros l\u00edderes &nbsp; &nbsp; &nbsp; &nbsp; El presidente brasile\u00f1o, Michel Temer, se aferr\u00f3 ayer a su cargo pese a las graves acusaciones de corrupci\u00f3n lanzadas en su contra y a la erosi\u00f3n de su base aliada. Todo en un ambiente de m\u00e1xima tensi\u00f3n y cuando las manifestaciones en reclamo&#8230;<\/p>\n","protected":false},"author":3,"featured_media":11869,"comment_status":"closed","ping_status":"closed","sticky":false,"template":"","format":"standard","meta":[],"categories":[4],"tags":[],"_links":{"self":[{"href":"https:\/\/www.actualidadadiario.com\/index.php\/wp-json\/wp\/v2\/posts\/11868"}],"collection":[{"href":"https:\/\/www.actualidadadiario.com\/index.php\/wp-json\/wp\/v2\/posts"}],"about":[{"href":"https:\/\/www.actualidadadiario.com\/index.php\/wp-json\/wp\/v2\/types\/post"}],"author":[{"embeddable":true,"href":"https:\/\/www.actualidadadiario.com\/index.php\/wp-json\/wp\/v2\/users\/3"}],"replies":[{"embeddable":true,"href":"https:\/\/www.actualidadadiario.com\/index.php\/wp-json\/wp\/v2\/comments?post=11868"}],"version-history":[{"count":1,"href":"https:\/\/www.actualidadadiario.com\/index.php\/wp-json\/wp\/v2\/posts\/11868\/revisions"}],"predecessor-version":[{"id":11870,"href":"https:\/\/www.actualidadadiario.com\/index.php\/wp-json\/wp\/v2\/posts\/11868\/revisions\/11870"}],"wp:featuredmedia":[{"embeddable":true,"href":"https:\/\/www.actualidadadiario.com\/index.php\/wp-json\/wp\/v2\/media\/11869"}],"wp:attachment":[{"href":"https:\/\/www.actualidadadiario.com\/index.php\/wp-json\/wp\/v2\/media?parent=11868"}],"wp:term":[{"taxonomy":"category","embeddable":true,"href":"https:\/\/www.actualidadadiario.com\/index.php\/wp-json\/wp\/v2\/categories?post=11868"},{"taxonomy":"post_tag","embeddable":true,"href":"https:\/\/www.actualidadadiario.com\/index.php\/wp-json\/wp\/v2\/tags?post=11868"}],"curies":[{"name":"wp","href":"https:\/\/api.w.org\/{rel}","templated":true}]}}