{"id":11861,"date":"2017-05-19T10:00:37","date_gmt":"2017-05-19T13:00:37","guid":{"rendered":"http:\/\/actualidadadiario.com\/site\/?p=11861"},"modified":"2017-05-19T10:16:10","modified_gmt":"2017-05-19T13:16:10","slug":"en-tokio-macri-hablo-ante-empresarios-y-ahora-se-reune-con-el-primer-ministro-shinzo-abe","status":"publish","type":"post","link":"https:\/\/www.actualidadadiario.com\/index.php\/2017\/05\/19\/en-tokio-macri-hablo-ante-empresarios-y-ahora-se-reune-con-el-primer-ministro-shinzo-abe\/","title":{"rendered":"En Tokio, Macri habl\u00f3 ante empresarios y ahora se re\u00fane con el primer ministro Shinzo Abe"},"content":{"rendered":"<p><em><strong>El presidente Mauricio Macri se reuni\u00f3 en Tokio con los presidentes y CEO de las compa\u00f1\u00edas l\u00edderes japonesas Nissan Motors, Marubeni, Toyota, Mitsui y NEC, como parte de su agenda con empresarios del pa\u00eds asi\u00e1tico con el objetivo de atraer inversiones a la Argentina<\/strong><\/em><\/p>\n<p>&nbsp;<\/p>\n<p>&nbsp;<\/p>\n<p>&nbsp;<\/p>\n<p>&nbsp;<\/p>\n<p>&nbsp;<\/p>\n<p>Macri lleg\u00f3 ayer a Tokio en visita oficial a Jap\u00f3n, y se reunir\u00e1 ahora con el primer ministro, Shinzo Abe. Luego, Abe y su esposa brindar\u00e1n un banquete en honor del presidente argentino y la primera dama Juliana Awada en la residencia oficial.<\/p>\n<p>&nbsp;<\/p>\n<p>Por la noche (las 11 de la ma\u00f1ana del s\u00e1bado en Jap\u00f3n), est\u00e1 fijado el encuentro del Presidente y la primera dama con el emperador Akihito y su esposa Michiko en el Palacio Imperial. El Emperador es el Jefe de Estado de Jap\u00f3n.<\/p>\n<p>&nbsp;<\/p>\n<p>Luego emprender\u00e1 el regreso a la Argentina en la tarde del s\u00e1bado japon\u00e9s (7.30 hora argentina) poniendo fin a su gira por Asia que incluy\u00f3 Dubai (Emiratos \u00e1rabes) y China.<\/p>\n<p>&nbsp;<\/p>\n<p>Macri se reuni\u00f3 con el presidente de la automotriz Toyota, Jun Karube, y con Nobuhiro Endo, titular de NEC, la firma dedicada a brindar soluciones en comunicaciones, dispositivos y equipamiento electr\u00f3nico.<\/p>\n<p>&nbsp;<\/p>\n<p>Junto a los ministros y funcionarios de la comitiva oficial que lo acompa\u00f1a en su visita de Estado a Jap\u00f3n, el mandatario tambi\u00e9n mantuvo encuentros con Hiroto Saikawa, de Nissan Motor; y con Tatsuo Yasunaga, CEO y presidente de Mitsui, compa\u00f1\u00eda que despliega su actividad en infraestructura, industria qu\u00edmica, energ\u00eda, innovaci\u00f3n y desarrollo corporativo.<\/p>\n<p>&nbsp;<\/p>\n<p>Los encuentros con los ejecutivos se llevaron a cabo en el Hotel The Prince Park Tower de Tokio, donde Macri adem\u00e1s habl\u00f3 ante el empresariado de ambos pa\u00edses al abrir el Foro Econ\u00f3mico Jap\u00f3n-Argentina.<\/p>\n<p>&nbsp;<\/p>\n<p>En la ma\u00f1ana del viernes japon\u00e9s (anoche en la Argentina), el mandatario subray\u00f3 la importancia de que ambos pa\u00edses profundicen las relaciones &#8220;en mutuo beneficio&#8221; y mencion\u00f3 las medidas adoptadas por el Gobierno para &#8220;arreglar la macroeconom\u00eda&#8221;, ratific\u00f3 el compromiso del Ejecutivo de reducir el d\u00e9ficit fiscal, llegar a un d\u00edgito de inflaci\u00f3n en poco tiempo y reducir la pobreza.<\/p>\n<p>&nbsp;<\/p>\n<p>El jefe de estado tambi\u00e9n se entrevist\u00f3 con Fumiya Kokubu, presidente y CEO de Marubeni, empresa de productos de consumo, qu\u00edmicos, forestales, energ\u00eda, metales, transportes, maquinaria industrial y servicios.<\/p>\n<p>&nbsp;<\/p>\n<p>En el marco de los contactos con los empresarios, el ministro de Producci\u00f3n, Francisco Cabrera, se\u00f1al\u00f3 que las inversiones japonesas est\u00e1n orientadas al sector automotriz y expres\u00f3 la voluntad del Gobierno de &#8220;poder mejorar las condiciones para que puedan ampliar sus plantas&#8221;.<\/p>\n<p>&nbsp;<\/p>\n<p>&#8220;Queremos que en la Argentina se produzcan un mill\u00f3n de unidades y para eso buscamos el desarrollo local de autopartes complementarias&#8221;, a\u00f1adi\u00f3 ante los ejecutivos y les cont\u00f3 que en el pa\u00eds se abri\u00f3 &#8220;un di\u00e1logo muy productivo con el sector gremial para sumarse a ese plan de ampliaci\u00f3n de unidades&#8221;.<\/p>\n<p>&nbsp;<\/p>\n<p>En tanto, el titular de la cartera de Energ\u00eda y Miner\u00eda, Juan Jos\u00e9 Aranguren, remarc\u00f3 que la Argentina necesita tener &#8220;seguridad energ\u00e9tica&#8221; y al mismo tiempo generar m\u00e1s potencias alternativas para ayudar a la lucha contra el cambio clim\u00e1tico.<\/p>\n<p>&nbsp;<\/p>\n<p>&#8220;En las licitaciones que lanzamos ya henos alcanzado los 6.500 millones de d\u00f3lares y esperamos ser igual de exitosos en las cuatro licitaciones que se vienen en esta nueva etapa&#8221;, puntualiz\u00f3.<\/p>\n<p>&nbsp;<\/p>\n<p>Por su parte, el ministro de Transporte, Guillermo Dietrich, les remarc\u00f3 a los CEO nipones que Argentina &#8220;est\u00e1 tratando de bajar los costos log\u00edsticos, tanto para el traslado a las concesionarias como para la exportaci\u00f3n&#8221;.<\/p>\n<p>&nbsp;<\/p>\n<p>El ministro de Agroindustria, Ricardo Buryaile, se\u00f1al\u00f3 que &#8220;es importante el caudal de exportaci\u00f3n de pesca, sorgo y harina de pescado&#8221; y dijo que &#8220;se est\u00e1 buscando exportar carne bovina directamente desde el sur&#8221;.<\/p>\n<p>&nbsp;<\/p>\n<p>Los empresarios destacaron los cambios favorables que se est\u00e1n dando en la Argentina y los representantes de Toyota remarcaron que convirtieron su planta &#8220;en un hub para la regi\u00f3n&#8221; que consecuentemente abre la posibilidad de incrementar el personal y de empleos indirectos, seg\u00fan inform\u00f3 el parte de prensa de Presidencia.<\/p>\n<p>&nbsp;<\/p>\n<p>Los directivos de Mitsui subrayaron que est\u00e1n dispuestos a desarrollar proyectos nuevos &#8220;porque han mejorado las condiciones de inversi\u00f3n en la Argentina&#8221; en especial al desarrollo de granos con fines de exportaci\u00f3n.<\/p>\n<p>&nbsp;<\/p>\n<p>Adem\u00e1s, el presidente Macri se reuni\u00f3 en el mediod\u00eda nip\u00f3n con los miembros de la Liga Parlamentaria de Amistad Jap\u00f3n-Argentina y salud\u00f3 a un grupo de empresarios argentinos que acompa\u00f1aron a la delegaci\u00f3n oficial en la visita a China y Jap\u00f3n.<\/p>\n","protected":false},"excerpt":{"rendered":"<p>El presidente Mauricio Macri se reuni\u00f3 en Tokio con los presidentes y CEO de las compa\u00f1\u00edas l\u00edderes japonesas Nissan Motors, Marubeni, Toyota, Mitsui y NEC, como parte de su agenda con empresarios del pa\u00eds asi\u00e1tico con el objetivo de atraer inversiones a la Argentina &nbsp; &nbsp; &nbsp; &nbsp; &nbsp; Macri lleg\u00f3 ayer a Tokio en visita oficial a Jap\u00f3n, y se reunir\u00e1 ahora con el primer ministro, Shinzo Abe. Luego, Abe y su esposa brindar\u00e1n un banquete en honor del presidente argentino y la primera dama Juliana Awada en la&#8230;<\/p>\n","protected":false},"author":3,"featured_media":11862,"comment_status":"closed","ping_status":"closed","sticky":false,"template":"","format":"standard","meta":[],"categories":[18],"tags":[],"_links":{"self":[{"href":"https:\/\/www.actualidadadiario.com\/index.php\/wp-json\/wp\/v2\/posts\/11861"}],"collection":[{"href":"https:\/\/www.actualidadadiario.com\/index.php\/wp-json\/wp\/v2\/posts"}],"about":[{"href":"https:\/\/www.actualidadadiario.com\/index.php\/wp-json\/wp\/v2\/types\/post"}],"author":[{"embeddable":true,"href":"https:\/\/www.actualidadadiario.com\/index.php\/wp-json\/wp\/v2\/users\/3"}],"replies":[{"embeddable":true,"href":"https:\/\/www.actualidadadiario.com\/index.php\/wp-json\/wp\/v2\/comments?post=11861"}],"version-history":[{"count":1,"href":"https:\/\/www.actualidadadiario.com\/index.php\/wp-json\/wp\/v2\/posts\/11861\/revisions"}],"predecessor-version":[{"id":11863,"href":"https:\/\/www.actualidadadiario.com\/index.php\/wp-json\/wp\/v2\/posts\/11861\/revisions\/11863"}],"wp:featuredmedia":[{"embeddable":true,"href":"https:\/\/www.actualidadadiario.com\/index.php\/wp-json\/wp\/v2\/media\/11862"}],"wp:attachment":[{"href":"https:\/\/www.actualidadadiario.com\/index.php\/wp-json\/wp\/v2\/media?parent=11861"}],"wp:term":[{"taxonomy":"category","embeddable":true,"href":"https:\/\/www.actualidadadiario.com\/index.php\/wp-json\/wp\/v2\/categories?post=11861"},{"taxonomy":"post_tag","embeddable":true,"href":"https:\/\/www.actualidadadiario.com\/index.php\/wp-json\/wp\/v2\/tags?post=11861"}],"curies":[{"name":"wp","href":"https:\/\/api.w.org\/{rel}","templated":true}]}}