{"id":11858,"date":"2017-05-19T10:11:49","date_gmt":"2017-05-19T13:11:49","guid":{"rendered":"http:\/\/actualidadadiario.com\/site\/?p=11858"},"modified":"2017-05-19T10:11:49","modified_gmt":"2017-05-19T13:11:49","slug":"nunca-especule-con-la-posibilidad-de-irme-del-frente-renovador","status":"publish","type":"post","link":"https:\/\/www.actualidadadiario.com\/index.php\/2017\/05\/19\/nunca-especule-con-la-posibilidad-de-irme-del-frente-renovador\/","title":{"rendered":"&#8220;Nunca especul\u00e9 con la posibilidad de irme del Frente Renovador&#8221;"},"content":{"rendered":"<p><em><strong>El diputado y dirigente sindical Facundo Moyano rechaz\u00f3 la posibilidad de un alejamiento del Frente Renovador, espacio liderado por Sergio Massa, siguiendo el camino de otros miembros del espacio como H\u00e9ctor Daer y Alberto Fern\u00e1ndez<\/strong><\/em><\/p>\n<p>&nbsp;<\/p>\n<p>&nbsp;<\/p>\n<p>&nbsp;<\/p>\n<p>&nbsp;<\/p>\n<p>&nbsp;<\/p>\n<p>&#8220;Soy un dirigente del peronismo que dialoga y nunca estuvo en discusi\u00f3n mi salida del Frente Renovador. Nunca especul\u00e9 con irme&#8221;, expres\u00f3 Moyano. Y a\u00f1adi\u00f3: &#8220;No vot\u00e9 la ley antiterrorista ni la ley de ART ni la reforma de justicia. No s\u00e9 si todos los peronistas lo pueden decir. No vot\u00e9 leyes en contra de los trabajadores. Eso define a un peronista&#8221;.<\/p>\n<p>&nbsp;<\/p>\n<p>Moyano tambi\u00e9n se sum\u00f3 a las cr\u00edticas contra el expresidente Amado Boudou y el dirigente piquetero Luis D&#8217;El\u00eda, quienes son resistidos por los intendentes del peronismo que intentan encaminar al espacio de cara a las elecciones.<\/p>\n<p>&nbsp;<\/p>\n<p>&#8220;No entiendo a Boudou y D El\u00eda como peronistas. Debemos dar una discusi\u00f3n larga y profunda. Peronismo es no ir en contra de los intereses de los que menos tienen. (Florencio) Randazzo va a disputar una interna del FPV y es una definici\u00f3n que ha tomado. Es natural que dispute una interna en ese espacio, pero nosotros estamos en otro lugar&#8221;, analiz\u00f3 Moyano.<\/p>\n<p>&nbsp;<\/p>\n<p>Y agreg\u00f3: &#8220;Yo no quiero discutir el peronismo con Boudou, con D&#8217;Elia, ni con M\u00e1ximo Kirchner; es larga la carrera al 2019. Si Cristina se presenta no define ni el peronismo, ni el kirchnerismo, que juegue ella no define nada en el Peronismo&#8221;.<\/p>\n<p>&nbsp;<\/p>\n<p>&#8220;Nunca estuvo en cuesti\u00f3n mi pase. No me condicionan encuestas. Cuando Sergio Massa ten\u00eda 7 puntos yo estuve. La pol\u00edtica no es encuesta. Nunca especule con la posibilidad de irme del Frente Renovador. Yo soy un dirigente del Peronismo en el Frente Renovador&#8221;, concluy\u00f3.<\/p>\n","protected":false},"excerpt":{"rendered":"<p>El diputado y dirigente sindical Facundo Moyano rechaz\u00f3 la posibilidad de un alejamiento del Frente Renovador, espacio liderado por Sergio Massa, siguiendo el camino de otros miembros del espacio como H\u00e9ctor Daer y Alberto Fern\u00e1ndez &nbsp; &nbsp; &nbsp; &nbsp; &nbsp; &#8220;Soy un dirigente del peronismo que dialoga y nunca estuvo en discusi\u00f3n mi salida del Frente Renovador. Nunca especul\u00e9 con irme&#8221;, expres\u00f3 Moyano. Y a\u00f1adi\u00f3: &#8220;No vot\u00e9 la ley antiterrorista ni la ley de ART ni la reforma de justicia. No s\u00e9 si todos los peronistas lo pueden decir. No&#8230;<\/p>\n","protected":false},"author":3,"featured_media":11859,"comment_status":"closed","ping_status":"closed","sticky":false,"template":"","format":"standard","meta":[],"categories":[18],"tags":[],"_links":{"self":[{"href":"https:\/\/www.actualidadadiario.com\/index.php\/wp-json\/wp\/v2\/posts\/11858"}],"collection":[{"href":"https:\/\/www.actualidadadiario.com\/index.php\/wp-json\/wp\/v2\/posts"}],"about":[{"href":"https:\/\/www.actualidadadiario.com\/index.php\/wp-json\/wp\/v2\/types\/post"}],"author":[{"embeddable":true,"href":"https:\/\/www.actualidadadiario.com\/index.php\/wp-json\/wp\/v2\/users\/3"}],"replies":[{"embeddable":true,"href":"https:\/\/www.actualidadadiario.com\/index.php\/wp-json\/wp\/v2\/comments?post=11858"}],"version-history":[{"count":1,"href":"https:\/\/www.actualidadadiario.com\/index.php\/wp-json\/wp\/v2\/posts\/11858\/revisions"}],"predecessor-version":[{"id":11860,"href":"https:\/\/www.actualidadadiario.com\/index.php\/wp-json\/wp\/v2\/posts\/11858\/revisions\/11860"}],"wp:featuredmedia":[{"embeddable":true,"href":"https:\/\/www.actualidadadiario.com\/index.php\/wp-json\/wp\/v2\/media\/11859"}],"wp:attachment":[{"href":"https:\/\/www.actualidadadiario.com\/index.php\/wp-json\/wp\/v2\/media?parent=11858"}],"wp:term":[{"taxonomy":"category","embeddable":true,"href":"https:\/\/www.actualidadadiario.com\/index.php\/wp-json\/wp\/v2\/categories?post=11858"},{"taxonomy":"post_tag","embeddable":true,"href":"https:\/\/www.actualidadadiario.com\/index.php\/wp-json\/wp\/v2\/tags?post=11858"}],"curies":[{"name":"wp","href":"https:\/\/api.w.org\/{rel}","templated":true}]}}