{"id":11855,"date":"2017-05-19T10:11:08","date_gmt":"2017-05-19T13:11:08","guid":{"rendered":"http:\/\/actualidadadiario.com\/site\/?p=11855"},"modified":"2017-05-19T10:11:08","modified_gmt":"2017-05-19T13:11:08","slug":"la-cgt-anuncio-que-el-gobierno-convocara-al-consejo-del-salario-minimo","status":"publish","type":"post","link":"https:\/\/www.actualidadadiario.com\/index.php\/2017\/05\/19\/la-cgt-anuncio-que-el-gobierno-convocara-al-consejo-del-salario-minimo\/","title":{"rendered":"La CGT anunci\u00f3 que el Gobierno convocar\u00e1 al Consejo del Salario M\u00ednimo"},"content":{"rendered":"<p><em><strong>La CGT inform\u00f3 este jueves que el Gobierno tiene previsto convocar al Consejo del Salario M\u00ednimo Vital y M\u00f3vil en la segunda quincena de junio y rechaz\u00f3 la estimaci\u00f3n oficial de un 17% de inflaci\u00f3n para este a\u00f1o al tiempo que asegur\u00f3 lo m\u00e1s probable es que se ubique en torno a un 25%<\/strong><\/em><\/p>\n<p>&nbsp;<\/p>\n<p>&nbsp;<\/p>\n<p>&nbsp;<\/p>\n<p>&nbsp;<\/p>\n<p>&nbsp;<\/p>\n<p>Seg\u00fan se pudo saber los sindicalistas pedir\u00e1n hasta $ 22.000 como m\u00ednimo. &#8220;Queremos mejorar el piso a trav\u00e9s de la recomposici\u00f3n del salario, incluida la p\u00e9rdida de poder adquisitivo del a\u00f1o pasado&#8221;, hab\u00edan adelantado desde la central obrera.<\/p>\n<p>&nbsp;<\/p>\n<p>Este jueves, al t\u00e9rmino de una reuni\u00f3n del consejo directivo de la central obrera, el secretario de prensa de la entidad, Jorge Sola, sostuvo que el Ejecutivo prev\u00e9 reabrir la discusi\u00f3n sobre el salario m\u00ednimo, que actualmente est\u00e1 en los $8.060, el mes pr\u00f3ximo.<\/p>\n<p>&nbsp;<\/p>\n<p>Por otra parte, el dirigente dijo que la CGT no cree en el 17% de aumento de precios para este a\u00f1o, como sostiene el Banco Central, y se\u00f1al\u00f3: &#8220;Los acuerdos salariales se est\u00e1n cerrando en 20 por ciento, que es lo que quiere el Gobierno. Pero se arreglan adicionales, que integran el salario, que lo terminan llevando al 25%, que es lo que para nosotros puede llegar a ser la inflaci\u00f3n de este a\u00f1o&#8221;.<\/p>\n<p>&nbsp;<\/p>\n<p>La reuni\u00f3n se hizo en la sede de la calle Azopardo, de la que participaron los l\u00edderes del organismo, Carlos Acu\u00f1a, H\u00e9ctor Daer y Juan Carlos Schmid, y donde se repas\u00f3 la coyuntura social y econ\u00f3mica del pa\u00eds y se evalu\u00f3 la reuni\u00f3n informal que mantuvieron con funcionarios nacionales la semana pasada.<\/p>\n","protected":false},"excerpt":{"rendered":"<p>La CGT inform\u00f3 este jueves que el Gobierno tiene previsto convocar al Consejo del Salario M\u00ednimo Vital y M\u00f3vil en la segunda quincena de junio y rechaz\u00f3 la estimaci\u00f3n oficial de un 17% de inflaci\u00f3n para este a\u00f1o al tiempo que asegur\u00f3 lo m\u00e1s probable es que se ubique en torno a un 25% &nbsp; &nbsp; &nbsp; &nbsp; &nbsp; Seg\u00fan se pudo saber los sindicalistas pedir\u00e1n hasta $ 22.000 como m\u00ednimo. &#8220;Queremos mejorar el piso a trav\u00e9s de la recomposici\u00f3n del salario, incluida la p\u00e9rdida de poder adquisitivo del a\u00f1o&#8230;<\/p>\n","protected":false},"author":3,"featured_media":11856,"comment_status":"closed","ping_status":"closed","sticky":false,"template":"","format":"standard","meta":[],"categories":[18],"tags":[],"_links":{"self":[{"href":"https:\/\/www.actualidadadiario.com\/index.php\/wp-json\/wp\/v2\/posts\/11855"}],"collection":[{"href":"https:\/\/www.actualidadadiario.com\/index.php\/wp-json\/wp\/v2\/posts"}],"about":[{"href":"https:\/\/www.actualidadadiario.com\/index.php\/wp-json\/wp\/v2\/types\/post"}],"author":[{"embeddable":true,"href":"https:\/\/www.actualidadadiario.com\/index.php\/wp-json\/wp\/v2\/users\/3"}],"replies":[{"embeddable":true,"href":"https:\/\/www.actualidadadiario.com\/index.php\/wp-json\/wp\/v2\/comments?post=11855"}],"version-history":[{"count":1,"href":"https:\/\/www.actualidadadiario.com\/index.php\/wp-json\/wp\/v2\/posts\/11855\/revisions"}],"predecessor-version":[{"id":11857,"href":"https:\/\/www.actualidadadiario.com\/index.php\/wp-json\/wp\/v2\/posts\/11855\/revisions\/11857"}],"wp:featuredmedia":[{"embeddable":true,"href":"https:\/\/www.actualidadadiario.com\/index.php\/wp-json\/wp\/v2\/media\/11856"}],"wp:attachment":[{"href":"https:\/\/www.actualidadadiario.com\/index.php\/wp-json\/wp\/v2\/media?parent=11855"}],"wp:term":[{"taxonomy":"category","embeddable":true,"href":"https:\/\/www.actualidadadiario.com\/index.php\/wp-json\/wp\/v2\/categories?post=11855"},{"taxonomy":"post_tag","embeddable":true,"href":"https:\/\/www.actualidadadiario.com\/index.php\/wp-json\/wp\/v2\/tags?post=11855"}],"curies":[{"name":"wp","href":"https:\/\/api.w.org\/{rel}","templated":true}]}}