{"id":11852,"date":"2017-05-19T10:10:21","date_gmt":"2017-05-19T13:10:21","guid":{"rendered":"http:\/\/actualidadadiario.com\/site\/?p=11852"},"modified":"2017-05-19T10:10:21","modified_gmt":"2017-05-19T13:10:21","slug":"la-onu-insistio-con-su-reclamo-por-la-liberacion-de-milagro-sala","status":"publish","type":"post","link":"https:\/\/www.actualidadadiario.com\/index.php\/2017\/05\/19\/la-onu-insistio-con-su-reclamo-por-la-liberacion-de-milagro-sala\/","title":{"rendered":"La ONU insisti\u00f3 con su reclamo por la liberaci\u00f3n de Milagro Sala"},"content":{"rendered":"<p><em><strong>El grupo de trabajo de las Naciones Unidas advirti\u00f3 al Gobierno argentino que &#8220;sigue vigente&#8221; el pedido por la liberaci\u00f3n de la l\u00edder de la Tupac Amaru que consideran &#8220;arbitrario&#8221;<\/strong><\/em><\/p>\n<p>&nbsp;<\/p>\n<p>&nbsp;<\/p>\n<p>&nbsp;<\/p>\n<p>&nbsp;<\/p>\n<p>Tras finalizar la misi\u00f3n en el pa\u00eds, el grupo de trabajo de las Naciones Unidas sobre Detenci\u00f3n Arbitraria ratific\u00f3 este jueves que &#8220;sigue vigente&#8221; su reclamo al gobierno nacional por la liberaci\u00f3n de la l\u00edder de la Tupac Amaru, Milagro Sala, que est\u00e1 presa en Jujuy desde enero de 2016.<\/p>\n<p>&nbsp;<\/p>\n<p>En conferencia de prensa, los expertos en derechos humanos Elina Steinerte y S\u00e8tondji Roland Adjovi aclararon que la visita a la Argentina respondi\u00f3 a una invitaci\u00f3n del gobierno de Mauricio Macri y no tuvo como punto central la detenci\u00f3n de Sala, sobre la que se expidieron el a\u00f1o pasado y catalogaron de &#8220;arbitraria&#8221;.<\/p>\n<p>&nbsp;<\/p>\n<p>Sin embargo, ante las reiteradas preguntas sobre el caso de la dirigente social, Roland Adjovi explic\u00f3 que si la liberaci\u00f3n no se produce, se &#8220;va a reflejar en el informe anual (del grupo) ante el Consejo de Derechos Humanos de la ONU&#8221;.<\/p>\n<p>&nbsp;<\/p>\n<p>&#8220;Y veremos c\u00f3mo el gobierno argentino podr\u00eda cumplir con el mandato&#8221;, subray\u00f3 el experto oriundo de Ben\u00edn, que junto a su colega se entrevist\u00f3 con Sala la semana pasada en el penal de Alto Comedero, en Jujuy, donde la dirigente tiene prisi\u00f3n preventiva, aunque no dieron detalles del encuentro.<\/p>\n<p>&nbsp;<\/p>\n<p>A la vez, sobre el informe de las condiciones de detenci\u00f3n del pa\u00eds, Roland Adjovi evalu\u00f3 que la &#8220;invitaci\u00f3n del Gobierno tiene un compromiso&#8221; del Poder Ejecutivo de acompa\u00f1ar sus recomendaciones y &#8220;tomar decisiones en ese sentido&#8221;.<\/p>\n<p>&nbsp;<\/p>\n<p>&#8220;Creemos que el Gobierno ten\u00eda intenciones de escuchar y no hay motivo para pensar que eso no va a pasar&#8221;, subray\u00f3 el integrante del grupo.<\/p>\n<p>&nbsp;<\/p>\n<p>A la conferencia que brindaron en la sede local de la ONU, en Jun\u00edn 1940, asistieron colaboradores de Milagro Sala y del gobernador de Jujuy, Gerardo Morales, interesados en los resultados de la misi\u00f3n.<\/p>\n<p>&nbsp;<\/p>\n<p>Los enviados de la ONU tambi\u00e9n se entrevistaron con Morales la semana pasada, antes de revelar los datos preliminares de su informe.<\/p>\n<p>&nbsp;<\/p>\n<p>La l\u00edder de la Tupac Amaru, que se encuentra de detenida desde el 16 de enero de 2016 en el penal de Alto Comedero, enfrenta varias causas judiciales relacionadas con &#8220;defraudaci\u00f3n a la administraci\u00f3n p\u00fablica&#8221; -por el manejo de fondos para la construcci\u00f3n de viviendas- y &#8220;da\u00f1os&#8221; -por un escrache a Morales en 2009-, entre otros cargos.<\/p>\n","protected":false},"excerpt":{"rendered":"<p>El grupo de trabajo de las Naciones Unidas advirti\u00f3 al Gobierno argentino que &#8220;sigue vigente&#8221; el pedido por la liberaci\u00f3n de la l\u00edder de la Tupac Amaru que consideran &#8220;arbitrario&#8221; &nbsp; &nbsp; &nbsp; &nbsp; Tras finalizar la misi\u00f3n en el pa\u00eds, el grupo de trabajo de las Naciones Unidas sobre Detenci\u00f3n Arbitraria ratific\u00f3 este jueves que &#8220;sigue vigente&#8221; su reclamo al gobierno nacional por la liberaci\u00f3n de la l\u00edder de la Tupac Amaru, Milagro Sala, que est\u00e1 presa en Jujuy desde enero de 2016. &nbsp; En conferencia de prensa, los&#8230;<\/p>\n","protected":false},"author":3,"featured_media":11853,"comment_status":"closed","ping_status":"closed","sticky":false,"template":"","format":"standard","meta":[],"categories":[9,18],"tags":[],"_links":{"self":[{"href":"https:\/\/www.actualidadadiario.com\/index.php\/wp-json\/wp\/v2\/posts\/11852"}],"collection":[{"href":"https:\/\/www.actualidadadiario.com\/index.php\/wp-json\/wp\/v2\/posts"}],"about":[{"href":"https:\/\/www.actualidadadiario.com\/index.php\/wp-json\/wp\/v2\/types\/post"}],"author":[{"embeddable":true,"href":"https:\/\/www.actualidadadiario.com\/index.php\/wp-json\/wp\/v2\/users\/3"}],"replies":[{"embeddable":true,"href":"https:\/\/www.actualidadadiario.com\/index.php\/wp-json\/wp\/v2\/comments?post=11852"}],"version-history":[{"count":1,"href":"https:\/\/www.actualidadadiario.com\/index.php\/wp-json\/wp\/v2\/posts\/11852\/revisions"}],"predecessor-version":[{"id":11854,"href":"https:\/\/www.actualidadadiario.com\/index.php\/wp-json\/wp\/v2\/posts\/11852\/revisions\/11854"}],"wp:featuredmedia":[{"embeddable":true,"href":"https:\/\/www.actualidadadiario.com\/index.php\/wp-json\/wp\/v2\/media\/11853"}],"wp:attachment":[{"href":"https:\/\/www.actualidadadiario.com\/index.php\/wp-json\/wp\/v2\/media?parent=11852"}],"wp:term":[{"taxonomy":"category","embeddable":true,"href":"https:\/\/www.actualidadadiario.com\/index.php\/wp-json\/wp\/v2\/categories?post=11852"},{"taxonomy":"post_tag","embeddable":true,"href":"https:\/\/www.actualidadadiario.com\/index.php\/wp-json\/wp\/v2\/tags?post=11852"}],"curies":[{"name":"wp","href":"https:\/\/api.w.org\/{rel}","templated":true}]}}