{"id":11849,"date":"2017-05-19T10:09:34","date_gmt":"2017-05-19T13:09:34","guid":{"rendered":"http:\/\/actualidadadiario.com\/site\/?p=11849"},"modified":"2017-05-19T10:09:34","modified_gmt":"2017-05-19T13:09:34","slug":"ate-rechazo-el-acuerdo-firmado-por-upcn-y-llamo-al-paro-nacional","status":"publish","type":"post","link":"https:\/\/www.actualidadadiario.com\/index.php\/2017\/05\/19\/ate-rechazo-el-acuerdo-firmado-por-upcn-y-llamo-al-paro-nacional\/","title":{"rendered":"ATE rechaz\u00f3 el acuerdo firmado por UPCN y llam\u00f3 al paro nacional"},"content":{"rendered":"<p><em><strong>El gremio que conduce Hugo Godoy puntualiz\u00f3 que el 20 por ciento acordado por UPCN que \u201cse convertir\u00e1 en un 17 por ciento\u201d debido a la inflaci\u00f3n. Reclam\u00f3 el 35 por ciento de aumento<\/strong><\/em><\/p>\n<p>&nbsp;<\/p>\n<p>&nbsp;<\/p>\n<p>&nbsp;<\/p>\n<p>D\u00edas atr\u00e1s y en el marco de las negociaciones paritarias entre el Estado y sus empleados, la Uni\u00f3n del Personal Civil de la Naci\u00f3n (UPCN) suscrib\u00eda un acuerdo salarial consistente en un 20 por ciento de aumento pagadero en tres cuotas.<\/p>\n<p>&nbsp;<\/p>\n<p>Ahora, la conducci\u00f3n nacional de la Asociaci\u00f3n Trabajadores del Estado (ATE), otro de los sindicatos con afiliados en el sector p\u00fablico, sali\u00f3 a rechazar ese acuerdo al considerar que \u201cse convertir\u00e1 en un 17 por ciento, porque la inflaci\u00f3n de este a\u00f1o no ser\u00e1 menor a 25\u201d.<\/p>\n<p>&nbsp;<\/p>\n<p>As\u00ed lo consider\u00f3 el titular de ATE, Hugo Godoy, quien tambi\u00e9n confirm\u00f3 que paralizar\u00e1 las tareas en todo el pa\u00eds el 24 de este mes en rechazo a ese acuerdo y reclamando &#8220;una inmediata recomposici\u00f3n salarial del 35 por ciento&#8221;.<\/p>\n<p>&nbsp;<\/p>\n<p>En una conferencia de prensa, Godoy ratific\u00f3 la oposici\u00f3n del gremio al pago de bonificaciones por presentismo y productividad, porque es &#8220;un mecanismo para reducir el salario y generar instrumentos extorsivos desde el control de asistencia y la evaluaci\u00f3n de pautas de productividad&#8221;, dijo.<\/p>\n<p>&nbsp;<\/p>\n<p>El jefe de la ATE tambi\u00e9n adelant\u00f3 que el gremio denunciar\u00e1 ante los organismos internacionales &#8220;la pr\u00e1ctica desleal&#8221; del acuerdo salarial suscripto entre Gobierno y UPCN, ya que viola &#8220;el convenio colectivo de trabajo&#8221;.<\/p>\n<p>&nbsp;<\/p>\n<p>Adem\u00e1s adelant\u00f3 que el 14 de junio pr\u00f3ximo habr\u00e1 una nueva jornada nacional de lucha junto con los gremios agrupados en la Central de los Trabajadores de la Argentina Aut\u00f3noma (CTAA), que conduce Pablo Micheli.<\/p>\n","protected":false},"excerpt":{"rendered":"<p>El gremio que conduce Hugo Godoy puntualiz\u00f3 que el 20 por ciento acordado por UPCN que \u201cse convertir\u00e1 en un 17 por ciento\u201d debido a la inflaci\u00f3n. Reclam\u00f3 el 35 por ciento de aumento &nbsp; &nbsp; &nbsp; D\u00edas atr\u00e1s y en el marco de las negociaciones paritarias entre el Estado y sus empleados, la Uni\u00f3n del Personal Civil de la Naci\u00f3n (UPCN) suscrib\u00eda un acuerdo salarial consistente en un 20 por ciento de aumento pagadero en tres cuotas. &nbsp; Ahora, la conducci\u00f3n nacional de la Asociaci\u00f3n Trabajadores del Estado (ATE),&#8230;<\/p>\n","protected":false},"author":3,"featured_media":11850,"comment_status":"closed","ping_status":"closed","sticky":false,"template":"","format":"standard","meta":[],"categories":[18],"tags":[],"_links":{"self":[{"href":"https:\/\/www.actualidadadiario.com\/index.php\/wp-json\/wp\/v2\/posts\/11849"}],"collection":[{"href":"https:\/\/www.actualidadadiario.com\/index.php\/wp-json\/wp\/v2\/posts"}],"about":[{"href":"https:\/\/www.actualidadadiario.com\/index.php\/wp-json\/wp\/v2\/types\/post"}],"author":[{"embeddable":true,"href":"https:\/\/www.actualidadadiario.com\/index.php\/wp-json\/wp\/v2\/users\/3"}],"replies":[{"embeddable":true,"href":"https:\/\/www.actualidadadiario.com\/index.php\/wp-json\/wp\/v2\/comments?post=11849"}],"version-history":[{"count":1,"href":"https:\/\/www.actualidadadiario.com\/index.php\/wp-json\/wp\/v2\/posts\/11849\/revisions"}],"predecessor-version":[{"id":11851,"href":"https:\/\/www.actualidadadiario.com\/index.php\/wp-json\/wp\/v2\/posts\/11849\/revisions\/11851"}],"wp:featuredmedia":[{"embeddable":true,"href":"https:\/\/www.actualidadadiario.com\/index.php\/wp-json\/wp\/v2\/media\/11850"}],"wp:attachment":[{"href":"https:\/\/www.actualidadadiario.com\/index.php\/wp-json\/wp\/v2\/media?parent=11849"}],"wp:term":[{"taxonomy":"category","embeddable":true,"href":"https:\/\/www.actualidadadiario.com\/index.php\/wp-json\/wp\/v2\/categories?post=11849"},{"taxonomy":"post_tag","embeddable":true,"href":"https:\/\/www.actualidadadiario.com\/index.php\/wp-json\/wp\/v2\/tags?post=11849"}],"curies":[{"name":"wp","href":"https:\/\/api.w.org\/{rel}","templated":true}]}}