{"id":11833,"date":"2017-05-19T10:02:48","date_gmt":"2017-05-19T13:02:48","guid":{"rendered":"http:\/\/actualidadadiario.com\/site\/?p=11833"},"modified":"2017-05-19T10:02:48","modified_gmt":"2017-05-19T13:02:48","slug":"el-gobierno-admite-preocupacion-por-la-nueva-crisis-de-brasil","status":"publish","type":"post","link":"https:\/\/www.actualidadadiario.com\/index.php\/2017\/05\/19\/el-gobierno-admite-preocupacion-por-la-nueva-crisis-de-brasil\/","title":{"rendered":"El Gobierno admite preocupaci\u00f3n por la nueva crisis de Brasil"},"content":{"rendered":"<p><em><strong>El esc\u00e1ndalo que involucra al presidente brasile\u00f1o Michel Temer fue seguido a la distancia por la primera plana del Gobierno nacional, ya que tanto el presidente Mauricio Macri como la canciller Susana Malcorra se encuentran en Jap\u00f3n, en la parte final de la gira asi\u00e1tica que emprendieron hace una semana y culminar\u00e1 este s\u00e1bado<\/strong><\/em><\/p>\n<p>&nbsp;<\/p>\n<p>&nbsp;<\/p>\n<p>&nbsp;<\/p>\n<p>&nbsp;<\/p>\n<p>&nbsp;<\/p>\n<p>No obstante, durante toda la jornada, fuentes del Gobierno en Buenos Aires reconocieron que la incertidumbre pol\u00edtica que se gener\u00f3 en torno a la situaci\u00f3n de Temer y que deriv\u00f3 en una brusca ca\u00edda del Merval y en un aumento de 34 centavos en la cotizaci\u00f3n del d\u00f3lar, puede afectar de manera colateral a la Argentina. &#8220;Genera preocupaci\u00f3n por el hecho de que Brasil es el principal socio comercial que tenemos en la regi\u00f3n, pero hay que ver c\u00f3mo avanza el tema&#8221;, admitieron.<\/p>\n<p>&nbsp;<\/p>\n<p>En relaci\u00f3n al hecho de que un contexto de fragilidad en Brasil puede convertir a Argentina en un actor protag\u00f3nico para inversores que vengan desde otras latitudes, sostuvieron: &#8220;No es seguro que sea as\u00ed. Lo \u00fanico cierto es que las crisis de Brasil siempre repercuten en nuestro pa\u00eds&#8221;.<\/p>\n<p>&nbsp;<\/p>\n<p>Tanto Macri, como Malcorra y el ministro de Producci\u00f3n Francisco Cabrera, entre otros, siguieron el esc\u00e1ndalo en Brasil desde Tokio, donde comenzaron ayer la \u00faltima etapa de la visita de Estado a Oriente, que incluy\u00f3 pasos previos por Emiratos \u00c1rabes Unidos y China. Debido a la diferencia horaria, ninguno se expres\u00f3, y se esperaba que lo hicieran anoche, al cierre de esta edici\u00f3n.<\/p>\n<p>&nbsp;<\/p>\n<p>Un tema que siguen atentos en la Casa Rosada es lo que pueda derivar del caso Odebrecht, que desat\u00f3 el esc\u00e1ndalo de corrupci\u00f3n conocido como Lava Jato y al que tambi\u00e9n qued\u00f3 adherido Temer. La Procuradur\u00eda General de Brasil liberar\u00e1 las declaraciones de los ejecutivos de la firma Odebrecht a los pa\u00edses que lo soliciten el 1\u00ba de junio. En el Gobierno creen que el esc\u00e1ndalo podr\u00eda involucrar a la ex presidenta Cristina Fern\u00e1ndez de Kirchner, quien se reuni\u00f3 con Marcelo Odebretch, el due\u00f1o de esa firma en varias oportunidades durante su segundo mandato.<\/p>\n<p>&nbsp;<\/p>\n<p>Y el caso podr\u00eda comprometer a\u00fan m\u00e1s la situaci\u00f3n del actual titular de la AFI, Gustavo Arribas, quien fue acusado por el cambista brasile\u00f1o Leonardo Meirelles, de haber recibido coimas de esa empresa constructora por un total de u$s 850.000. Macri hizo una en\u00e9rgica defensa de Arribas en una entrevista reciente con Radio Latina al decir que &#8220;desde el primer d\u00eda en esa causa nunca ha habido ninguna prueba contundente de nada&#8221;.<\/p>\n<p>&nbsp;<\/p>\n<p>&nbsp;<\/p>\n<p>Macri detall\u00f3, adem\u00e1s, que &#8220;a partir de 1\u00ba de junio vamos a saber la verdad de lo que pasa, que es parte de mi compromiso, que no haya m\u00e1s impunidad en la Argentina&#8221;, haciendo referencia a la fecha de vencimiento del acuerdo de secreto judicial al que se lleg\u00f3.<\/p>\n","protected":false},"excerpt":{"rendered":"<p>El esc\u00e1ndalo que involucra al presidente brasile\u00f1o Michel Temer fue seguido a la distancia por la primera plana del Gobierno nacional, ya que tanto el presidente Mauricio Macri como la canciller Susana Malcorra se encuentran en Jap\u00f3n, en la parte final de la gira asi\u00e1tica que emprendieron hace una semana y culminar\u00e1 este s\u00e1bado &nbsp; &nbsp; &nbsp; &nbsp; &nbsp; No obstante, durante toda la jornada, fuentes del Gobierno en Buenos Aires reconocieron que la incertidumbre pol\u00edtica que se gener\u00f3 en torno a la situaci\u00f3n de Temer y que deriv\u00f3 en&#8230;<\/p>\n","protected":false},"author":3,"featured_media":11834,"comment_status":"closed","ping_status":"closed","sticky":false,"template":"","format":"standard","meta":[],"categories":[2],"tags":[],"_links":{"self":[{"href":"https:\/\/www.actualidadadiario.com\/index.php\/wp-json\/wp\/v2\/posts\/11833"}],"collection":[{"href":"https:\/\/www.actualidadadiario.com\/index.php\/wp-json\/wp\/v2\/posts"}],"about":[{"href":"https:\/\/www.actualidadadiario.com\/index.php\/wp-json\/wp\/v2\/types\/post"}],"author":[{"embeddable":true,"href":"https:\/\/www.actualidadadiario.com\/index.php\/wp-json\/wp\/v2\/users\/3"}],"replies":[{"embeddable":true,"href":"https:\/\/www.actualidadadiario.com\/index.php\/wp-json\/wp\/v2\/comments?post=11833"}],"version-history":[{"count":1,"href":"https:\/\/www.actualidadadiario.com\/index.php\/wp-json\/wp\/v2\/posts\/11833\/revisions"}],"predecessor-version":[{"id":11835,"href":"https:\/\/www.actualidadadiario.com\/index.php\/wp-json\/wp\/v2\/posts\/11833\/revisions\/11835"}],"wp:featuredmedia":[{"embeddable":true,"href":"https:\/\/www.actualidadadiario.com\/index.php\/wp-json\/wp\/v2\/media\/11834"}],"wp:attachment":[{"href":"https:\/\/www.actualidadadiario.com\/index.php\/wp-json\/wp\/v2\/media?parent=11833"}],"wp:term":[{"taxonomy":"category","embeddable":true,"href":"https:\/\/www.actualidadadiario.com\/index.php\/wp-json\/wp\/v2\/categories?post=11833"},{"taxonomy":"post_tag","embeddable":true,"href":"https:\/\/www.actualidadadiario.com\/index.php\/wp-json\/wp\/v2\/tags?post=11833"}],"curies":[{"name":"wp","href":"https:\/\/api.w.org\/{rel}","templated":true}]}}