{"id":11830,"date":"2017-05-19T10:02:04","date_gmt":"2017-05-19T13:02:04","guid":{"rendered":"http:\/\/actualidadadiario.com\/site\/?p=11830"},"modified":"2017-05-19T10:02:04","modified_gmt":"2017-05-19T13:02:04","slug":"segun-di-tella-la-expectativa-de-inflacion-volvio-a-subir-y-se-ubica-en-21-anual","status":"publish","type":"post","link":"https:\/\/www.actualidadadiario.com\/index.php\/2017\/05\/19\/segun-di-tella-la-expectativa-de-inflacion-volvio-a-subir-y-se-ubica-en-21-anual\/","title":{"rendered":"Seg\u00fan Di Tella, la expectativa de inflaci\u00f3n volvi\u00f3 a subir y se ubica en 21% anual"},"content":{"rendered":"<p><em><strong>Las expectativas inflacionarias para los pr\u00f3ximos 12 meses volvieron a subir en mayo hasta llegar al 21%, seg\u00fan el \u00edndice mensual que elabora el Centro de Investigaci\u00f3n en Finanzas (CIF) de la Escuela de Negocios de Universidad Torcuato Di Tella<\/strong><\/em><\/p>\n<p>&nbsp;<\/p>\n<p>&nbsp;<\/p>\n<p>&nbsp;<\/p>\n<p>&nbsp;<\/p>\n<p>&nbsp;<\/p>\n<p>Los resultados de la Encuesta de Expectativas de Inflaci\u00f3n (EI) de este mes revelan que la inflaci\u00f3n esperada a nivel nacional se increment\u00f3 1%, respecto de abril pasado, de acuerdo a la mediana de las respuestas. En cambio, si se toma el promedio de las respuestas, las expectativas aumentan 0,5% respecto de la medici\u00f3n de abril de 2017 y se ubican en 27,9% al a\u00f1o.<\/p>\n<p>&nbsp;<\/p>\n<p>&#8220;De acuerdo a la mediana, las expectativas de inflaci\u00f3n se mantienen tanto en la Capital Federal y el Gran Buenos Aires como en el Interior del pa\u00eds, con respecto a abril. De acuerdo al promedio, las expectativas de inflaci\u00f3n suben en la Capital Federal y el Gran Buenos Aires mientras que se mantienen en el Interior del pa\u00eds&#8221;, explic\u00f3 el director del CIF, Juan Jos\u00e9 Cruces.<\/p>\n<p>&nbsp;<\/p>\n<p>&#8220;Las expectativas de inflaci\u00f3n, de acuerdo a la mediana, suben para los sectores de ingresos bajos mientras que se mantienen para aquellos de ingresos altos. Seg\u00fan el promedio, las expectativas suben para los sectores de ingresos bajos mientras que caen para los de ingresos altos&#8221;, agreg\u00f3 el economista.<\/p>\n<p>&nbsp;<\/p>\n<p>El \u00edndice de expectativas inflacionarias se obtiene de los resultados de una encuesta mensual que realiza Poliarqu\u00eda para el CIF sobre 1.200 casos en todo el pa\u00eds. En marzo las expectativas trepaban al 25% para la mediana y a 31,3% para el promedio.<\/p>\n","protected":false},"excerpt":{"rendered":"<p>Las expectativas inflacionarias para los pr\u00f3ximos 12 meses volvieron a subir en mayo hasta llegar al 21%, seg\u00fan el \u00edndice mensual que elabora el Centro de Investigaci\u00f3n en Finanzas (CIF) de la Escuela de Negocios de Universidad Torcuato Di Tella &nbsp; &nbsp; &nbsp; &nbsp; &nbsp; Los resultados de la Encuesta de Expectativas de Inflaci\u00f3n (EI) de este mes revelan que la inflaci\u00f3n esperada a nivel nacional se increment\u00f3 1%, respecto de abril pasado, de acuerdo a la mediana de las respuestas. En cambio, si se toma el promedio de las&#8230;<\/p>\n","protected":false},"author":3,"featured_media":11831,"comment_status":"closed","ping_status":"closed","sticky":false,"template":"","format":"standard","meta":[],"categories":[2],"tags":[],"_links":{"self":[{"href":"https:\/\/www.actualidadadiario.com\/index.php\/wp-json\/wp\/v2\/posts\/11830"}],"collection":[{"href":"https:\/\/www.actualidadadiario.com\/index.php\/wp-json\/wp\/v2\/posts"}],"about":[{"href":"https:\/\/www.actualidadadiario.com\/index.php\/wp-json\/wp\/v2\/types\/post"}],"author":[{"embeddable":true,"href":"https:\/\/www.actualidadadiario.com\/index.php\/wp-json\/wp\/v2\/users\/3"}],"replies":[{"embeddable":true,"href":"https:\/\/www.actualidadadiario.com\/index.php\/wp-json\/wp\/v2\/comments?post=11830"}],"version-history":[{"count":1,"href":"https:\/\/www.actualidadadiario.com\/index.php\/wp-json\/wp\/v2\/posts\/11830\/revisions"}],"predecessor-version":[{"id":11832,"href":"https:\/\/www.actualidadadiario.com\/index.php\/wp-json\/wp\/v2\/posts\/11830\/revisions\/11832"}],"wp:featuredmedia":[{"embeddable":true,"href":"https:\/\/www.actualidadadiario.com\/index.php\/wp-json\/wp\/v2\/media\/11831"}],"wp:attachment":[{"href":"https:\/\/www.actualidadadiario.com\/index.php\/wp-json\/wp\/v2\/media?parent=11830"}],"wp:term":[{"taxonomy":"category","embeddable":true,"href":"https:\/\/www.actualidadadiario.com\/index.php\/wp-json\/wp\/v2\/categories?post=11830"},{"taxonomy":"post_tag","embeddable":true,"href":"https:\/\/www.actualidadadiario.com\/index.php\/wp-json\/wp\/v2\/tags?post=11830"}],"curies":[{"name":"wp","href":"https:\/\/api.w.org\/{rel}","templated":true}]}}