{"id":11827,"date":"2017-05-19T10:01:17","date_gmt":"2017-05-19T13:01:17","guid":{"rendered":"http:\/\/actualidadadiario.com\/site\/?p=11827"},"modified":"2017-05-19T10:01:17","modified_gmt":"2017-05-19T13:01:17","slug":"chubut-declara-la-guerra-a-futura-central-nuclear-de-rio-negro","status":"publish","type":"post","link":"https:\/\/www.actualidadadiario.com\/index.php\/2017\/05\/19\/chubut-declara-la-guerra-a-futura-central-nuclear-de-rio-negro\/","title":{"rendered":"Chubut declara la guerra a futura central nuclear de R\u00edo Negro"},"content":{"rendered":"<p><em><strong>La instalaci\u00f3n es impulsada por el Gobierno de Mauricio Macri con financiamiento chino pero Das Neves advirti\u00f3 que har\u00e1 &#8220;todo lo posible&#8221; para impedir la obra<\/strong><\/em><\/p>\n<p>&nbsp;<\/p>\n<p>&nbsp;<\/p>\n<p>&nbsp;<\/p>\n<p>El gobierno de Mario Das Neves le declar\u00f3 la guerra pol\u00edtica a la instalaci\u00f3n de una planta nuclear en R\u00edo Negro impulsada por el Gobierno de Mauricio Macri con financiamiento chino y advirti\u00f3 que har\u00e1 &#8220;todo lo posible&#8221; para impedir la obra.<\/p>\n<p>&nbsp;<\/p>\n<p>&#8220;Pasar\u00e1n por arriba de nuestros cuerpos si quieren sacar el uranio&#8221;, dijo en tono dram\u00e1tico Das Neves al ser consultado por la prensa chubutense tras la confirmaci\u00f3n del financiamiento asi\u00e1tico celebrado por su par rionegrino Alberto Weretilneck.<\/p>\n<p>&nbsp;<\/p>\n<p>Macri acord\u00f3 esta semana con el CEO de China National Nuclear Corporation (CNNC), Wang Shoujun, que en enero pr\u00f3ximo comenzar\u00e1 la construcci\u00f3n de la central nuclear Atucha III en Buenos Aires, al tiempo que en R\u00edo Negro se levantar\u00e1 otra en 2020.<\/p>\n<p>&nbsp;<\/p>\n<p>El Gobierno nacional espera sortear las oposiciones para poder avanzar con la construcci\u00f3n de la quinta planta energ\u00e9tica de ese estilo, que podr\u00eda levantarse en ciudad rionegrina de Sierra Grande con una inversi\u00f3n de unos 8.000 millones de d\u00f3lares.<\/p>\n<p>&nbsp;<\/p>\n<p>Das Neves ven\u00eda protestando cuando la noticia era s\u00f3lo un rumor y ahora radicaliz\u00f3 su postura: &#8220;Me opongo a la instalaci\u00f3n de la planta nuclear que el Gobierno Nacional planifica desarrollar casi en el l\u00edmite de nuestra provincia con capitales chinos&#8221;.<\/p>\n","protected":false},"excerpt":{"rendered":"<p>La instalaci\u00f3n es impulsada por el Gobierno de Mauricio Macri con financiamiento chino pero Das Neves advirti\u00f3 que har\u00e1 &#8220;todo lo posible&#8221; para impedir la obra &nbsp; &nbsp; &nbsp; El gobierno de Mario Das Neves le declar\u00f3 la guerra pol\u00edtica a la instalaci\u00f3n de una planta nuclear en R\u00edo Negro impulsada por el Gobierno de Mauricio Macri con financiamiento chino y advirti\u00f3 que har\u00e1 &#8220;todo lo posible&#8221; para impedir la obra. &nbsp; &#8220;Pasar\u00e1n por arriba de nuestros cuerpos si quieren sacar el uranio&#8221;, dijo en tono dram\u00e1tico Das Neves al&#8230;<\/p>\n","protected":false},"author":3,"featured_media":11828,"comment_status":"closed","ping_status":"closed","sticky":false,"template":"","format":"standard","meta":[],"categories":[2],"tags":[],"_links":{"self":[{"href":"https:\/\/www.actualidadadiario.com\/index.php\/wp-json\/wp\/v2\/posts\/11827"}],"collection":[{"href":"https:\/\/www.actualidadadiario.com\/index.php\/wp-json\/wp\/v2\/posts"}],"about":[{"href":"https:\/\/www.actualidadadiario.com\/index.php\/wp-json\/wp\/v2\/types\/post"}],"author":[{"embeddable":true,"href":"https:\/\/www.actualidadadiario.com\/index.php\/wp-json\/wp\/v2\/users\/3"}],"replies":[{"embeddable":true,"href":"https:\/\/www.actualidadadiario.com\/index.php\/wp-json\/wp\/v2\/comments?post=11827"}],"version-history":[{"count":1,"href":"https:\/\/www.actualidadadiario.com\/index.php\/wp-json\/wp\/v2\/posts\/11827\/revisions"}],"predecessor-version":[{"id":11829,"href":"https:\/\/www.actualidadadiario.com\/index.php\/wp-json\/wp\/v2\/posts\/11827\/revisions\/11829"}],"wp:featuredmedia":[{"embeddable":true,"href":"https:\/\/www.actualidadadiario.com\/index.php\/wp-json\/wp\/v2\/media\/11828"}],"wp:attachment":[{"href":"https:\/\/www.actualidadadiario.com\/index.php\/wp-json\/wp\/v2\/media?parent=11827"}],"wp:term":[{"taxonomy":"category","embeddable":true,"href":"https:\/\/www.actualidadadiario.com\/index.php\/wp-json\/wp\/v2\/categories?post=11827"},{"taxonomy":"post_tag","embeddable":true,"href":"https:\/\/www.actualidadadiario.com\/index.php\/wp-json\/wp\/v2\/tags?post=11827"}],"curies":[{"name":"wp","href":"https:\/\/api.w.org\/{rel}","templated":true}]}}