{"id":11818,"date":"2017-05-19T09:58:10","date_gmt":"2017-05-19T12:58:10","guid":{"rendered":"http:\/\/actualidadadiario.com\/site\/?p=11818"},"modified":"2017-05-19T09:58:10","modified_gmt":"2017-05-19T12:58:10","slug":"habra-corte-de-transito-por-obra-de-la-autovia-en-el-acceso-norte-de-parana","status":"publish","type":"post","link":"https:\/\/www.actualidadadiario.com\/index.php\/2017\/05\/19\/habra-corte-de-transito-por-obra-de-la-autovia-en-el-acceso-norte-de-parana\/","title":{"rendered":"Habr\u00e1 corte de tr\u00e1nsito por obra de la autov\u00eda en el Acceso Norte de Paran\u00e1"},"content":{"rendered":"<p><em><strong>El corte programado est\u00e1 previsto desde el pr\u00f3ximo lunes y se extender\u00e1 por 20 d\u00edas. El tr\u00e1nsito no ser\u00e1 detenido, sino que se prev\u00e9n desv\u00edos. Solicitan transitar con precauci\u00f3n y respetando las se\u00f1ales<\/strong><\/em><\/p>\n<p>&nbsp;<\/p>\n<p>&nbsp;<\/p>\n<p>&nbsp;<\/p>\n<p>Desde la empresa Luis Losi, que tiene a su cargo los trabajos en la autov\u00eda en el Acceso Norte de Paran\u00e1, informaron que a partir del lunes 22 de mayo habr\u00e1 un corte total de los carriles correspondientes a la mano norte de Avenida Circunvalaci\u00f3n, en su intersecci\u00f3n con Acceso Norte debido a las tareas de construcci\u00f3n del nuevo puente intercambiador alto nivel.<\/p>\n<p>&nbsp;<\/p>\n<p>Si bien el tr\u00e1nsito no ser\u00e1 detenido, se prev\u00e9 el desv\u00edo total del mismo por la mano sur, lo que determinar\u00e1 se reduzca el desplazamiento a un carril por sentido de circulaci\u00f3n. &#8220;Esto significa que en el sector mencionado se producir\u00e1 un &#8220;embudo&#8221; dificultando la fluidez de la marcha&#8221;, explicaron.<\/p>\n<p>&nbsp;<\/p>\n<p>Por tal motivo, solicitan reducir la velocidad en el sector mencionado, recomendando transitar con cuidado, respetando la carteler\u00eda y se\u00f1ales.<\/p>\n<p>&nbsp;<\/p>\n<p>El corte ser\u00e1 durante las 24 horas y se prev\u00e9 una vigencia m\u00ednima de 20 d\u00edas.<\/p>\n","protected":false},"excerpt":{"rendered":"<p>El corte programado est\u00e1 previsto desde el pr\u00f3ximo lunes y se extender\u00e1 por 20 d\u00edas. El tr\u00e1nsito no ser\u00e1 detenido, sino que se prev\u00e9n desv\u00edos. Solicitan transitar con precauci\u00f3n y respetando las se\u00f1ales &nbsp; &nbsp; &nbsp; Desde la empresa Luis Losi, que tiene a su cargo los trabajos en la autov\u00eda en el Acceso Norte de Paran\u00e1, informaron que a partir del lunes 22 de mayo habr\u00e1 un corte total de los carriles correspondientes a la mano norte de Avenida Circunvalaci\u00f3n, en su intersecci\u00f3n con Acceso Norte debido a las&#8230;<\/p>\n","protected":false},"author":3,"featured_media":11819,"comment_status":"closed","ping_status":"closed","sticky":false,"template":"","format":"standard","meta":[],"categories":[9],"tags":[],"_links":{"self":[{"href":"https:\/\/www.actualidadadiario.com\/index.php\/wp-json\/wp\/v2\/posts\/11818"}],"collection":[{"href":"https:\/\/www.actualidadadiario.com\/index.php\/wp-json\/wp\/v2\/posts"}],"about":[{"href":"https:\/\/www.actualidadadiario.com\/index.php\/wp-json\/wp\/v2\/types\/post"}],"author":[{"embeddable":true,"href":"https:\/\/www.actualidadadiario.com\/index.php\/wp-json\/wp\/v2\/users\/3"}],"replies":[{"embeddable":true,"href":"https:\/\/www.actualidadadiario.com\/index.php\/wp-json\/wp\/v2\/comments?post=11818"}],"version-history":[{"count":1,"href":"https:\/\/www.actualidadadiario.com\/index.php\/wp-json\/wp\/v2\/posts\/11818\/revisions"}],"predecessor-version":[{"id":11820,"href":"https:\/\/www.actualidadadiario.com\/index.php\/wp-json\/wp\/v2\/posts\/11818\/revisions\/11820"}],"wp:featuredmedia":[{"embeddable":true,"href":"https:\/\/www.actualidadadiario.com\/index.php\/wp-json\/wp\/v2\/media\/11819"}],"wp:attachment":[{"href":"https:\/\/www.actualidadadiario.com\/index.php\/wp-json\/wp\/v2\/media?parent=11818"}],"wp:term":[{"taxonomy":"category","embeddable":true,"href":"https:\/\/www.actualidadadiario.com\/index.php\/wp-json\/wp\/v2\/categories?post=11818"},{"taxonomy":"post_tag","embeddable":true,"href":"https:\/\/www.actualidadadiario.com\/index.php\/wp-json\/wp\/v2\/tags?post=11818"}],"curies":[{"name":"wp","href":"https:\/\/api.w.org\/{rel}","templated":true}]}}