{"id":11815,"date":"2017-05-19T09:57:25","date_gmt":"2017-05-19T12:57:25","guid":{"rendered":"http:\/\/actualidadadiario.com\/site\/?p=11815"},"modified":"2017-05-19T09:57:25","modified_gmt":"2017-05-19T12:57:25","slug":"viviendas-residenciales-en-parana-tributaban-como-baldios","status":"publish","type":"post","link":"https:\/\/www.actualidadadiario.com\/index.php\/2017\/05\/19\/viviendas-residenciales-en-parana-tributaban-como-baldios\/","title":{"rendered":"Viviendas residenciales en Paran\u00e1 tributaban como bald\u00edos"},"content":{"rendered":"<p><em><strong>ATER labr\u00f3 actas a decenas de viviendas residenciales que tributaban como terrenos bald\u00edos. Se complementan con las medidas de cruzamiento masivo de datos catastrales con diferentes municipios. Pondr\u00e1n en vigencia la declaraci\u00f3n voluntaria<\/strong><\/em><\/p>\n<p>&nbsp;<\/p>\n<p>&nbsp;<\/p>\n<p>&nbsp;<\/p>\n<p>En l\u00ednea con la pol\u00edtica de ampliaci\u00f3n de la base tributaria establecidas por la administraci\u00f3n provincial, la Administradora Tributaria de Entre R\u00edos (ATER) lleva adelante operativos de control fiscal en la ciudad de Paran\u00e1, orientados a la detecci\u00f3n de mejoras constructivas no declaradas. El mismo, tuvo lugar en zonas residenciales de la capital donde se detectaron irregularidades que concluyeron con el labrado de numerosas intimaciones.<\/p>\n<p>&nbsp;<\/p>\n<p>El director Ejecutivo de la ATER, Sergio Granetto, se refiri\u00f3 a las acciones asegurando que &#8220;ponen de manifiesto las inequidades respecto de aquellos contribuyentes que pagan sus impuestos de acuerdo a la Ley y quienes, como en estos casos, no lo hacen. Estamos fortaleciendo el catastro para que recupere un rol fiscalizador que corrija est\u00e1 inequidad y permita ampliar la base tributaria &#8220;dijo. Asimismo, enmarc\u00f3 estas acciones en la ley recientemente sancionada en la legislatura, anticipando instancias de declaraci\u00f3n voluntaria de las mejoras para quienes no tengan declaradas sus construcciones de acuerdo a la ley.<\/p>\n<p>&nbsp;<\/p>\n<p>Por su parte, Javier Rabbia y Carlos Duhalde, titulares de la Direcci\u00f3n de Catastro a cargo del operativo precisaron que se relevaron zonas residenciales donde se constataron inconsistencias entre las mejoras declaradas y las existentes. Asimismo, se\u00f1alaron que se tom\u00f3 contacto con los contribuyentes y se les intim\u00f3 a que regularicen voluntariamente en un plazo de 15 d\u00edas. Fecha tras la cual &#8220;se le incorporar\u00e1 de oficio las superficies o diferencias detectadas, aplicando multas y el retroactivo del impuesto inmobiliario en caso de no cumplimentar el requerimiento&#8221;, concluy\u00f3.<\/p>\n<p>&nbsp;<\/p>\n<p>&nbsp;<\/p>\n<p><strong>Cruces con municipios <\/strong><\/p>\n<p>Al ser consultado por los municipios que vienen adhiriendo al programa de cruzamiento de dato, Rabbia record\u00f3 que son 12 las comunas adheridas y se aguardan la inclusi\u00f3n de otras cuatro para los pr\u00f3ximos d\u00edas, al tiempo que destac\u00f3 lo instrumentado en Concordia: &#8220;donde se han emitido las primeras diferencias por valor de ocho millones de pesos, solo en las primeras 1200 partidas cruzadas&#8221;.<\/p>\n<p>&nbsp;<\/p>\n<p>Respecto de la comuna de Paran\u00e1, Duhalde se\u00f1al\u00f3 que &#8220;que se espera a la brevedad tener firmado del convenio a fin de poder homogeneizar de las bases catastrales y de esa forma regularizar una importante cantidad de inconsistencias&#8221;.<\/p>\n<p>&nbsp;<\/p>\n<p>Finalmente, en referencia a la reglamentaci\u00f3n de la ley que habilitar\u00eda un proceso voluntario de declaraci\u00f3n de mejoras constructivas, Duhalde agreg\u00f3 que &#8220;permitir\u00e1 un marco jur\u00eddico que prev\u00e9 la condonaci\u00f3n de multas y la omisi\u00f3n de cobro retroactivo, solo para quienes concurran voluntariamente&#8221; concluy\u00f3.<\/p>\n","protected":false},"excerpt":{"rendered":"<p>ATER labr\u00f3 actas a decenas de viviendas residenciales que tributaban como terrenos bald\u00edos. Se complementan con las medidas de cruzamiento masivo de datos catastrales con diferentes municipios. Pondr\u00e1n en vigencia la declaraci\u00f3n voluntaria &nbsp; &nbsp; &nbsp; En l\u00ednea con la pol\u00edtica de ampliaci\u00f3n de la base tributaria establecidas por la administraci\u00f3n provincial, la Administradora Tributaria de Entre R\u00edos (ATER) lleva adelante operativos de control fiscal en la ciudad de Paran\u00e1, orientados a la detecci\u00f3n de mejoras constructivas no declaradas. El mismo, tuvo lugar en zonas residenciales de la capital donde&#8230;<\/p>\n","protected":false},"author":3,"featured_media":11816,"comment_status":"closed","ping_status":"closed","sticky":false,"template":"","format":"standard","meta":[],"categories":[15],"tags":[],"_links":{"self":[{"href":"https:\/\/www.actualidadadiario.com\/index.php\/wp-json\/wp\/v2\/posts\/11815"}],"collection":[{"href":"https:\/\/www.actualidadadiario.com\/index.php\/wp-json\/wp\/v2\/posts"}],"about":[{"href":"https:\/\/www.actualidadadiario.com\/index.php\/wp-json\/wp\/v2\/types\/post"}],"author":[{"embeddable":true,"href":"https:\/\/www.actualidadadiario.com\/index.php\/wp-json\/wp\/v2\/users\/3"}],"replies":[{"embeddable":true,"href":"https:\/\/www.actualidadadiario.com\/index.php\/wp-json\/wp\/v2\/comments?post=11815"}],"version-history":[{"count":1,"href":"https:\/\/www.actualidadadiario.com\/index.php\/wp-json\/wp\/v2\/posts\/11815\/revisions"}],"predecessor-version":[{"id":11817,"href":"https:\/\/www.actualidadadiario.com\/index.php\/wp-json\/wp\/v2\/posts\/11815\/revisions\/11817"}],"wp:featuredmedia":[{"embeddable":true,"href":"https:\/\/www.actualidadadiario.com\/index.php\/wp-json\/wp\/v2\/media\/11816"}],"wp:attachment":[{"href":"https:\/\/www.actualidadadiario.com\/index.php\/wp-json\/wp\/v2\/media?parent=11815"}],"wp:term":[{"taxonomy":"category","embeddable":true,"href":"https:\/\/www.actualidadadiario.com\/index.php\/wp-json\/wp\/v2\/categories?post=11815"},{"taxonomy":"post_tag","embeddable":true,"href":"https:\/\/www.actualidadadiario.com\/index.php\/wp-json\/wp\/v2\/tags?post=11815"}],"curies":[{"name":"wp","href":"https:\/\/api.w.org\/{rel}","templated":true}]}}