{"id":11812,"date":"2017-05-19T09:56:42","date_gmt":"2017-05-19T12:56:42","guid":{"rendered":"http:\/\/actualidadadiario.com\/site\/?p=11812"},"modified":"2017-05-19T09:56:42","modified_gmt":"2017-05-19T12:56:42","slug":"se-entregaron-aportes-a-productores-citricolas-por-casi-tres-millones-de-pesos","status":"publish","type":"post","link":"https:\/\/www.actualidadadiario.com\/index.php\/2017\/05\/19\/se-entregaron-aportes-a-productores-citricolas-por-casi-tres-millones-de-pesos\/","title":{"rendered":"Se entregaron aportes a productores citr\u00edcolas por casi tres millones de pesos"},"content":{"rendered":"<p><em><strong>En el marco del Programa de Desarrollo Rural y Agricultura Familiar (Prodaf), que en Entre R\u00edos es ejecutado por el Ministerio de Producci\u00f3n de la Provincia, se entregaron Aportes No Reembolsables (ANR) por m\u00e1s de 2,8 millones de pesos a 19 productores de la cadena citr\u00edcola. La entrega se realiz\u00f3 este jueves en la Casa de Gobierno Provincial, en Paran\u00e1, con la presencia del Ministro de Producci\u00f3n de la provincia, Carlos Schepens y el titular de la Unidad para el Cambio Rural, Alejandro Genari<\/strong><\/em><\/p>\n<p>&nbsp;<\/p>\n<p>&nbsp;<\/p>\n<p>&nbsp;<\/p>\n<p>El ministro de Producci\u00f3n, Carlos Schepens destac\u00f3 el trabajo conjunto entre naci\u00f3n y provincia: \u201cNosotros administramos recursos que son para mejorar la calidad de los alimentos que se producen en nuestra regi\u00f3n. La citricultura es una cadena productiva trascendente para la provincia, y mediante este aporte podemos contribuir a incentivar y mejorar la productividad, incorporando tecnolog\u00eda que mejoran los procesos productivos para conseguir mayor competitividad. Hoy a la citricultura se le abre un panorama interesante por la apertura de los mercados de Estados Unidos y Brasil\u201d.<\/p>\n<p>&nbsp;<\/p>\n<p>\u201cEl mundo est\u00e1 cada d\u00eda m\u00e1s competitivo y desde el gobierno provincial realizamos en forma permanente misiones comerciales para acompa\u00f1ar a nuestros empresarios, intentado abrir nuevos mercados y consolidad los que ya tenemos\u201d, destac\u00f3 Schepens.<\/p>\n<p>&nbsp;<\/p>\n<p>Por su parte del coordinador Ejecutivo de la Unidad para el Cambio Rural (UCAR), Alejandro Genari coment\u00f3 que el Programa de Agricultura Familiar (Prodaf), \u201ctiene un presupuesto de 41 millones de d\u00f3lares que se ejecuta en Chaco y Entre R\u00edos en las cadenas productivas que cada gobierno eligi\u00f3 en su momento, y nuestro compromiso es apoyar a los productores para que mejoren su productividad con la incorporaci\u00f3n de tecnolog\u00eda\u201d.<\/p>\n<p>&nbsp;<\/p>\n<p>El funcionario nacional recalc\u00f3 la excelente relaci\u00f3n que mantiene con la provincia de Entre R\u00edos y \u201crescatamos la transparencia que se ha logrado en la ejecuci\u00f3n de estos programas, en beneficio de los sectores productivos\u201d, subray\u00f3.<\/p>\n<p>&nbsp;<\/p>\n<p>&nbsp;<\/p>\n<p><strong>Mayor previsibilidad en la producci\u00f3n <\/strong><\/p>\n<p>Cristian Percara de Chajar\u00ed recibi\u00f3 un aporte econ\u00f3mico para incorporar cobertura sobre su establecimiento citr\u00edcola. En ese marco, cont\u00f3 que \u201cproducimos seis variedades de mandarina para el mercado interno y esto nos aporta mayor previsibilidad en la producci\u00f3n\u201d.<\/p>\n<p>&nbsp;<\/p>\n<p>Por su parte Walter Silva de la localidad de La Criolla en el Departamento Concordia coment\u00f3 que el aporte econ\u00f3mico a trav\u00e9s del Prodaf les permitir\u00e1 completar la tecnificaci\u00f3n del establecimiento: \u201cnosotros incorporamos riego en dos hect\u00e1reas, con lo que sumamos a las 12 a las que tenemos actualmente\u201d destac\u00f3 el citricultor. El proyecto contempla una inversi\u00f3n de 140 mil pesos que es el 25 por ciento de la inversi\u00f3n que tienen planificado.<\/p>\n<p>&nbsp;<\/p>\n<p>&nbsp;<\/p>\n<p><strong>Detalle de las inversiones <\/strong><\/p>\n<p>Este aporte no reembolsable de 2.810.977 pesos, se suma a una inversi\u00f3n total de 8.255.250 pesos y permitir\u00e1 a este grupo de productores, la plantaci\u00f3n de m\u00e1s de 25.800 plantas certificadas; 37 hect\u00e1reas nuevas de riego; cuatro pulverizadoras turbinas con la tecnolog\u00eda necesaria para la implementaci\u00f3n de TRV; el acondicionamiento de dos empaques con maquinaria nueva y materiales acorde a las exigencias de Senasa, garantizando el agregado de valor en origen; 19 m\u00e1quinas y herramientas destinadas a la producci\u00f3n de c\u00edtricos, como ser chatas bineras, discos, palas, auto elevadores, entre otras. Tambi\u00e9n, la adquisici\u00f3n de insumos.<\/p>\n<p>&nbsp;<\/p>\n<p>Del acto tambi\u00e9n participaron el secretario de Producci\u00f3n Primaria, Mart\u00edn Barbieri, el director General de Agricultura, Lucio Amavet, el delegado de Agricultura Familiar de la Naci\u00f3n, Cristian Schreiner, el viceintendente de Santa Ana, Carlos Dalzotto, y el presidente de la Asociaci\u00f3n de Citricultores de Chajar\u00ed, Claudio Robol.<\/p>\n","protected":false},"excerpt":{"rendered":"<p>En el marco del Programa de Desarrollo Rural y Agricultura Familiar (Prodaf), que en Entre R\u00edos es ejecutado por el Ministerio de Producci\u00f3n de la Provincia, se entregaron Aportes No Reembolsables (ANR) por m\u00e1s de 2,8 millones de pesos a 19 productores de la cadena citr\u00edcola. La entrega se realiz\u00f3 este jueves en la Casa de Gobierno Provincial, en Paran\u00e1, con la presencia del Ministro de Producci\u00f3n de la provincia, Carlos Schepens y el titular de la Unidad para el Cambio Rural, Alejandro Genari &nbsp; &nbsp; &nbsp; El ministro de&#8230;<\/p>\n","protected":false},"author":3,"featured_media":11813,"comment_status":"closed","ping_status":"closed","sticky":false,"template":"","format":"standard","meta":[],"categories":[15],"tags":[],"_links":{"self":[{"href":"https:\/\/www.actualidadadiario.com\/index.php\/wp-json\/wp\/v2\/posts\/11812"}],"collection":[{"href":"https:\/\/www.actualidadadiario.com\/index.php\/wp-json\/wp\/v2\/posts"}],"about":[{"href":"https:\/\/www.actualidadadiario.com\/index.php\/wp-json\/wp\/v2\/types\/post"}],"author":[{"embeddable":true,"href":"https:\/\/www.actualidadadiario.com\/index.php\/wp-json\/wp\/v2\/users\/3"}],"replies":[{"embeddable":true,"href":"https:\/\/www.actualidadadiario.com\/index.php\/wp-json\/wp\/v2\/comments?post=11812"}],"version-history":[{"count":1,"href":"https:\/\/www.actualidadadiario.com\/index.php\/wp-json\/wp\/v2\/posts\/11812\/revisions"}],"predecessor-version":[{"id":11814,"href":"https:\/\/www.actualidadadiario.com\/index.php\/wp-json\/wp\/v2\/posts\/11812\/revisions\/11814"}],"wp:featuredmedia":[{"embeddable":true,"href":"https:\/\/www.actualidadadiario.com\/index.php\/wp-json\/wp\/v2\/media\/11813"}],"wp:attachment":[{"href":"https:\/\/www.actualidadadiario.com\/index.php\/wp-json\/wp\/v2\/media?parent=11812"}],"wp:term":[{"taxonomy":"category","embeddable":true,"href":"https:\/\/www.actualidadadiario.com\/index.php\/wp-json\/wp\/v2\/categories?post=11812"},{"taxonomy":"post_tag","embeddable":true,"href":"https:\/\/www.actualidadadiario.com\/index.php\/wp-json\/wp\/v2\/tags?post=11812"}],"curies":[{"name":"wp","href":"https:\/\/api.w.org\/{rel}","templated":true}]}}